{"id":407938,"date":"2024-07-23T00:12:04","date_gmt":"2024-07-22T22:12:04","guid":{"rendered":"https:\/\/www.pcnen.com\/portal\/?p=407938"},"modified":"2024-07-23T00:12:04","modified_gmt":"2024-07-22T22:12:04","slug":"tri-mjesta-u-vladi-za-nsd","status":"publish","type":"post","link":"https:\/\/www.pcnen.com\/portal\/2024\/07\/23\/tri-mjesta-u-vladi-za-nsd\/","title":{"rendered":"Tri mjesta u Vladi za NSD"},"content":{"rendered":"<p>Partijski organi Nove srpske demokratije su odlu\u010dili da ova partija, \u010diji je lider Andrija Mandi\u0107 predsjednik crnogorskog parlamenta, u\u0111e u Vladu premijera Milojka Spaji\u0107a i pokrije pozicije potpredsjednika Vlade i dva ministra, potvr\u0111eno je portalu Dan.<\/p>\n<p>Potpredsjednik Vlade \u0107e biti Budimir Aleksi\u0107, dugogodi\u0161nji funkcioner i poslanik NSD, ministar urbanizma \u0107e biti Slaven Radunovi\u0107, potpredsjednik NSD, a ministarka turizma Simonida Kordi\u0107, poslanica ove partije.<\/p>\n<p>&nbsp;<\/p>\n","protected":false},"excerpt":{"rendered":"<p>\u00a0<br \/>\nPotpredsjednik Vlade \u0107e biti Budimir Aleksi\u0107, ministar urbanizma Slaven Radunovi\u0107, a ministarka turizma Simonida Kordi\u0107<\/p>\n","protected":false},"author":1,"featured_media":280893,"comment_status":"open","ping_status":"closed","sticky":false,"template":"","format":"standard","meta":{"_seopress_robots_primary_cat":"none","_seopress_titles_title":"","_seopress_titles_desc":"","_seopress_robots_index":"","_et_pb_use_builder":"","_et_pb_old_content":"","_et_gb_content_width":"","inline_featured_image":false,"footnotes":""},"categories":[14],"tags":[],"class_list":["post-407938","post","type-post","status-publish","format-standard","has-post-thumbnail","hentry","category-vijesti"],"_links":{"self":[{"href":"https:\/\/www.pcnen.com\/portal\/wp-json\/wp\/v2\/posts\/407938","targetHints":{"allow":["GET"]}}],"collection":[{"href":"https:\/\/www.pcnen.com\/portal\/wp-json\/wp\/v2\/posts"}],"about":[{"href":"https:\/\/www.pcnen.com\/portal\/wp-json\/wp\/v2\/types\/post"}],"author":[{"embeddable":true,"href":"https:\/\/www.pcnen.com\/portal\/wp-json\/wp\/v2\/users\/1"}],"replies":[{"embeddable":true,"href":"https:\/\/www.pcnen.com\/portal\/wp-json\/wp\/v2\/comments?post=407938"}],"version-history":[{"count":1,"href":"https:\/\/www.pcnen.com\/portal\/wp-json\/wp\/v2\/posts\/407938\/revisions"}],"predecessor-version":[{"id":407941,"href":"https:\/\/www.pcnen.com\/portal\/wp-json\/wp\/v2\/posts\/407938\/revisions\/407941"}],"wp:featuredmedia":[{"embeddable":true,"href":"https:\/\/www.pcnen.com\/portal\/wp-json\/wp\/v2\/media\/280893"}],"wp:attachment":[{"href":"https:\/\/www.pcnen.com\/portal\/wp-json\/wp\/v2\/media?parent=407938"}],"wp:term":[{"taxonomy":"category","embeddable":true,"href":"https:\/\/www.pcnen.com\/portal\/wp-json\/wp\/v2\/categories?post=407938"},{"taxonomy":"post_tag","embeddable":true,"href":"https:\/\/www.pcnen.com\/portal\/wp-json\/wp\/v2\/tags?post=407938"}],"curies":[{"name":"wp","href":"https:\/\/api.w.org\/{rel}","templated":true}]}}