{"id":407924,"date":"2024-07-22T21:46:58","date_gmt":"2024-07-22T19:46:58","guid":{"rendered":"https:\/\/www.pcnen.com\/portal\/?p=407924"},"modified":"2024-07-22T21:48:08","modified_gmt":"2024-07-22T19:48:08","slug":"bosnjacka-stranka-ulazi-u-vladu","status":"publish","type":"post","link":"https:\/\/www.pcnen.com\/portal\/2024\/07\/22\/bosnjacka-stranka-ulazi-u-vladu\/","title":{"rendered":"Bo\u0161nja\u010dka stranka ulazi u Vladu"},"content":{"rendered":"<p>Glavni odbor Bo\u0161nja\u010dke stranke (BS) je danas odlu\u010dio da stranka \u0111e u Vladu, a mediji nezvani\u010dno saznaju da \u0107e im pripasti pet resora i jedno potpredsjedni\u010dko mjesto.<\/p>\n<p>Kako navodi portal RTCG, BS \u0107e dobiti mjesto potpredsjednika Vlade za vanjsku politiku, resor vanjskih poslova, resor socijalne i brige o porodici, plus demografije, resore dijaspore,\u00a0 rudarstva, nafte i gasa, te resor regionalnog i institucionalnog razvoja i nevladin sektor.<\/p>\n<p>Ovo zna\u010di da \u0107e biti formirani neki novi resori.<\/p>\n<p>Na zvani\u010dnom partijskom sajtu nije jo\u0161 objavljena odluka Glavnog odbora.<\/p>\n<p>Reakcije iz redova opozicije su krajnje negativne, pa je tako poslanik\u00a0 Socijaldemokrata Nikola Zirojevi\u0107 poru\u010dio da \u0107e oni braniti bo\u0161nja\u010dki narod od njihove bruke.<\/p>\n","protected":false},"excerpt":{"rendered":"<p>Glavni odbor Bo\u0161nja\u010dke stranke (BS) je danas odlu\u010dio da stranka \u0111e u Vladu, a mediji nezvani\u010dno saznaju da \u0107e im pripasti pet resora i jedno potpredsjedni\u010dko mjesto<\/p>\n","protected":false},"author":1,"featured_media":301546,"comment_status":"open","ping_status":"closed","sticky":false,"template":"","format":"standard","meta":{"_seopress_robots_primary_cat":"none","_seopress_titles_title":"","_seopress_titles_desc":"","_seopress_robots_index":"","_et_pb_use_builder":"","_et_pb_old_content":"","_et_gb_content_width":"","inline_featured_image":false,"footnotes":""},"categories":[14],"tags":[],"class_list":["post-407924","post","type-post","status-publish","format-standard","has-post-thumbnail","hentry","category-vijesti"],"_links":{"self":[{"href":"https:\/\/www.pcnen.com\/portal\/wp-json\/wp\/v2\/posts\/407924","targetHints":{"allow":["GET"]}}],"collection":[{"href":"https:\/\/www.pcnen.com\/portal\/wp-json\/wp\/v2\/posts"}],"about":[{"href":"https:\/\/www.pcnen.com\/portal\/wp-json\/wp\/v2\/types\/post"}],"author":[{"embeddable":true,"href":"https:\/\/www.pcnen.com\/portal\/wp-json\/wp\/v2\/users\/1"}],"replies":[{"embeddable":true,"href":"https:\/\/www.pcnen.com\/portal\/wp-json\/wp\/v2\/comments?post=407924"}],"version-history":[{"count":3,"href":"https:\/\/www.pcnen.com\/portal\/wp-json\/wp\/v2\/posts\/407924\/revisions"}],"predecessor-version":[{"id":407929,"href":"https:\/\/www.pcnen.com\/portal\/wp-json\/wp\/v2\/posts\/407924\/revisions\/407929"}],"wp:featuredmedia":[{"embeddable":true,"href":"https:\/\/www.pcnen.com\/portal\/wp-json\/wp\/v2\/media\/301546"}],"wp:attachment":[{"href":"https:\/\/www.pcnen.com\/portal\/wp-json\/wp\/v2\/media?parent=407924"}],"wp:term":[{"taxonomy":"category","embeddable":true,"href":"https:\/\/www.pcnen.com\/portal\/wp-json\/wp\/v2\/categories?post=407924"},{"taxonomy":"post_tag","embeddable":true,"href":"https:\/\/www.pcnen.com\/portal\/wp-json\/wp\/v2\/tags?post=407924"}],"curies":[{"name":"wp","href":"https:\/\/api.w.org\/{rel}","templated":true}]}}