{"id":407911,"date":"2024-07-22T17:43:53","date_gmt":"2024-07-22T15:43:53","guid":{"rendered":"https:\/\/www.pcnen.com\/portal\/?p=407911"},"modified":"2024-07-22T17:43:53","modified_gmt":"2024-07-22T15:43:53","slug":"sjutra-sjednica-skupstine-na-dnevnom-redu-rekonstrukcija-vlade","status":"publish","type":"post","link":"https:\/\/www.pcnen.com\/portal\/2024\/07\/22\/sjutra-sjednica-skupstine-na-dnevnom-redu-rekonstrukcija-vlade\/","title":{"rendered":"Sjutra sjednica Skup\u0161tine, na dnevnom redu rekonstrukcija Vlade"},"content":{"rendered":"<p>Kolegijum predsjednika Skup\u0161tine Crne Gore, kojem su prisustvovali \u0161efovi poslani\u010dkih klubova, donio je zaklju\u010dak da se sjutra, u utorak 23. jula, u 11 sati nastavi sjednica parlamenta ta\u010dkom koja se odnosi na izbore i imenovanja.<\/p>\n<p>Time je potvr\u0111eno da \u0107e poslanici u Skup\u0161tini Crne Gore sjutra glasati o rekonstrukciji Vlade Milojka Spaji\u0107a u nastavku \u0161este ili devete sjednice prolje\u0107nog zasijedanja i da \u0107e to najvjerovatnije biti u okviru ta\u010dke izbori i imenovanja, koja je na dnevnom redu obje sjednice.<\/p>\n<p>Rasprava \u0107e trajati tri sata.<\/p>\n<p>Premijer \u0107e, navodno, predlo\u017eiti razrje\u0161enja ministara koji vi\u0161e ne\u0107e biti u vladi i onih \u010dija se ministarstva dijele, kako bi se napravila mjesta za nove \u010dlanove Vlade iz Nove srpske demokratije (NSD) i Demokratske narodne partije (DNP), i eventualno iz Bo\u0161nja\u010dke stranke (BS).<\/p>\n","protected":false},"excerpt":{"rendered":"<p>Kolegijum predsjednika Skup\u0161tine Crne Gore, kojem su prisustvovali \u0161efovi poslani\u010dkih klubova, donio je zaklju\u010dak da se sjutra, u utorak 23. jula, u 11 sati nastavi sjednica parlamenta ta\u010dkom koja se odnosi na izbore i imenovanja.<\/p>\n","protected":false},"author":1,"featured_media":407429,"comment_status":"open","ping_status":"closed","sticky":false,"template":"","format":"standard","meta":{"_seopress_robots_primary_cat":"none","_seopress_titles_title":"","_seopress_titles_desc":"","_seopress_robots_index":"","_et_pb_use_builder":"","_et_pb_old_content":"","_et_gb_content_width":"","inline_featured_image":false,"footnotes":""},"categories":[14],"tags":[],"class_list":["post-407911","post","type-post","status-publish","format-standard","has-post-thumbnail","hentry","category-vijesti"],"_links":{"self":[{"href":"https:\/\/www.pcnen.com\/portal\/wp-json\/wp\/v2\/posts\/407911","targetHints":{"allow":["GET"]}}],"collection":[{"href":"https:\/\/www.pcnen.com\/portal\/wp-json\/wp\/v2\/posts"}],"about":[{"href":"https:\/\/www.pcnen.com\/portal\/wp-json\/wp\/v2\/types\/post"}],"author":[{"embeddable":true,"href":"https:\/\/www.pcnen.com\/portal\/wp-json\/wp\/v2\/users\/1"}],"replies":[{"embeddable":true,"href":"https:\/\/www.pcnen.com\/portal\/wp-json\/wp\/v2\/comments?post=407911"}],"version-history":[{"count":1,"href":"https:\/\/www.pcnen.com\/portal\/wp-json\/wp\/v2\/posts\/407911\/revisions"}],"predecessor-version":[{"id":407914,"href":"https:\/\/www.pcnen.com\/portal\/wp-json\/wp\/v2\/posts\/407911\/revisions\/407914"}],"wp:featuredmedia":[{"embeddable":true,"href":"https:\/\/www.pcnen.com\/portal\/wp-json\/wp\/v2\/media\/407429"}],"wp:attachment":[{"href":"https:\/\/www.pcnen.com\/portal\/wp-json\/wp\/v2\/media?parent=407911"}],"wp:term":[{"taxonomy":"category","embeddable":true,"href":"https:\/\/www.pcnen.com\/portal\/wp-json\/wp\/v2\/categories?post=407911"},{"taxonomy":"post_tag","embeddable":true,"href":"https:\/\/www.pcnen.com\/portal\/wp-json\/wp\/v2\/tags?post=407911"}],"curies":[{"name":"wp","href":"https:\/\/api.w.org\/{rel}","templated":true}]}}