{"id":407888,"date":"2024-07-22T12:20:40","date_gmt":"2024-07-22T10:20:40","guid":{"rendered":"https:\/\/www.pcnen.com\/portal\/?p=407888"},"modified":"2024-07-22T12:20:40","modified_gmt":"2024-07-22T10:20:40","slug":"odlukom-o-uklanjanju-njegoseve-kapele-predvidjeno-je-njena-obnova-na-novoj-lokaciji","status":"publish","type":"post","link":"https:\/\/www.pcnen.com\/portal\/2024\/07\/22\/odlukom-o-uklanjanju-njegoseve-kapele-predvidjeno-je-njena-obnova-na-novoj-lokaciji\/","title":{"rendered":"Odlukom o uklanjanju Njego\u0161eve kapele predvi\u0111eno je njena obnova na novoj lokaciji"},"content":{"rendered":"<p>Skup\u0161tina op\u0161tine Cetinje je 3. septembra 1971. godine donijela \u201cOdluku o dislokaciji Kapelice sa lov\u0107enskog Jezerskog vrha\u201d, kako bi bio obezbije\u0111en prostor za granju Mauzoleja.<\/p>\n<p>\u201cNovo mjesto na kojem \u0107e se podi\u0107i Kapelica saglasno \u0107e odrediti Skup\u0161tina op\u0161tine Cetinje, Ustanova Muzeji Cetinja i Zavod za za\u0161titu spomenika kulture SRCG u skladu sa detaljnim urbanisti\u010dkim planovima Cetinja i Ivanovih korita\u201d, pi\u0161e u \u010dlanu IV odluke Skup\u0161tine op\u0161tine Cetinje.<\/p>\n<p>Kamen od Kapelice snesen je na Ivanova korita, gdje se i sada nalazi. <strong><br \/>\n<\/strong><\/p>\n<p>Nedavno je predsjednik Skup\u0161tine Crne Gore Andrija Mandi\u0107 pokrenuo inicijativu o obnovi Njego\u0161eve kapele na Lov\u0107enu, ali ta inicijativa nije najbolje do\u010dekana u javnosti. Pokreta\u010d inicijative nije pominjao odluku SO Cetinje, koja obavezuje na obnovu Kapelice na nekoj drugoj lokaciji.<\/p>\n<p><img decoding=\"async\" src=\"https:\/\/scontent.ftgd3-1.fna.fbcdn.net\/v\/t39.30808-6\/452377943_7793741220710100_6897221468731847036_n.jpg?_nc_cat=101&amp;ccb=1-7&amp;_nc_sid=bd9a62&amp;_nc_ohc=Li5DpTP37-QQ7kNvgHc1cpR&amp;_nc_ht=scontent.ftgd3-1.fna&amp;oh=00_AYDjB6LI0TCaB4LSzjhLdfGyTjXo964lLLKYSRq0-4ZT2A&amp;oe=66A3F402\" alt=\"Slika mo\u017ee predstavljati tekst\" \/><\/p>\n","protected":false},"excerpt":{"rendered":"<p>\u201cNovo mjesto na kojem \u0107e se podi\u0107i Kapelica saglasno \u0107e odrediti Skup\u0161tina op\u0161tine Cetinje, Ustanova Muzeji Cetinja i Zavod za za\u0161titu spomenika kulture SRCG u skladu sa detaljnim urbanisti\u010dkim planovima Cetinja i Ivanovih korita\u201d, pi\u0161e u \u010dlanu IV odluke Skup\u0161tine op\u0161tine Cetinje<\/p>\n","protected":false},"author":1,"featured_media":407891,"comment_status":"open","ping_status":"closed","sticky":false,"template":"","format":"standard","meta":{"_seopress_robots_primary_cat":"none","_seopress_titles_title":"","_seopress_titles_desc":"","_seopress_robots_index":"","_et_pb_use_builder":"","_et_pb_old_content":"","_et_gb_content_width":"","inline_featured_image":false,"footnotes":""},"categories":[14],"tags":[],"class_list":["post-407888","post","type-post","status-publish","format-standard","has-post-thumbnail","hentry","category-vijesti"],"_links":{"self":[{"href":"https:\/\/www.pcnen.com\/portal\/wp-json\/wp\/v2\/posts\/407888","targetHints":{"allow":["GET"]}}],"collection":[{"href":"https:\/\/www.pcnen.com\/portal\/wp-json\/wp\/v2\/posts"}],"about":[{"href":"https:\/\/www.pcnen.com\/portal\/wp-json\/wp\/v2\/types\/post"}],"author":[{"embeddable":true,"href":"https:\/\/www.pcnen.com\/portal\/wp-json\/wp\/v2\/users\/1"}],"replies":[{"embeddable":true,"href":"https:\/\/www.pcnen.com\/portal\/wp-json\/wp\/v2\/comments?post=407888"}],"version-history":[{"count":1,"href":"https:\/\/www.pcnen.com\/portal\/wp-json\/wp\/v2\/posts\/407888\/revisions"}],"predecessor-version":[{"id":407892,"href":"https:\/\/www.pcnen.com\/portal\/wp-json\/wp\/v2\/posts\/407888\/revisions\/407892"}],"wp:featuredmedia":[{"embeddable":true,"href":"https:\/\/www.pcnen.com\/portal\/wp-json\/wp\/v2\/media\/407891"}],"wp:attachment":[{"href":"https:\/\/www.pcnen.com\/portal\/wp-json\/wp\/v2\/media?parent=407888"}],"wp:term":[{"taxonomy":"category","embeddable":true,"href":"https:\/\/www.pcnen.com\/portal\/wp-json\/wp\/v2\/categories?post=407888"},{"taxonomy":"post_tag","embeddable":true,"href":"https:\/\/www.pcnen.com\/portal\/wp-json\/wp\/v2\/tags?post=407888"}],"curies":[{"name":"wp","href":"https:\/\/api.w.org\/{rel}","templated":true}]}}