{"id":407856,"date":"2024-07-22T07:44:33","date_gmt":"2024-07-22T05:44:33","guid":{"rendered":"https:\/\/www.pcnen.com\/portal\/?p=407856"},"modified":"2024-07-22T07:44:33","modified_gmt":"2024-07-22T05:44:33","slug":"holandija-u-groningenu-izlozeno-16-000-pari-cipela-za-ubijenu-djecu-gaze","status":"publish","type":"post","link":"https:\/\/www.pcnen.com\/portal\/2024\/07\/22\/holandija-u-groningenu-izlozeno-16-000-pari-cipela-za-ubijenu-djecu-gaze\/","title":{"rendered":"Holandija: U Groningenu izlo\u017eeno 16.000 pari cipela za ubijenu djecu Gaze"},"content":{"rendered":"<p>U gradu Groningenu u Holandiji na ulici je izlo\u017eeno 16.000 pari cipela koji simbolizuju djecu iz Gaze koju su izraelske snage ubile u napadima koji traju skoro deset mjeseci.<\/p>\n<p>Stotine gra\u0111ana prisustvovalo je doga\u0111aju na kome su u\u010desnici izlagali parove dje\u010djih cipela u \u010dast ubijene palestinske djece, prenosi Anadolija.<\/p>\n<p>Skup je organizovala Fondacija Zasadi stablo masline, a prikupljeno je 16.000 pari cipela, \u0161to predstavlja trenutni broj ubijene djece u Gazi.<\/p>\n<p>Prema rije\u010dima Esther van der Most, direktorice Fondacije Zasadi stablo masline, stvarni broj ubijene djece u Gazi je mnogo ve\u0107i od &#8220;registrovanog&#8221;.<\/p>\n<p>Pored pari cipela nalazi se i po samo jedna cipela koja predstavlja djecu koja su izgubila udove u izraelskim napadima.<\/p>\n<p>Tokom doga\u0111aja, naglas su pro\u010ditana imena ubijene palestinske djece.<\/p>\n<p>U izraelskim napadima na Pojas Gaze od 7. oktobra ubijeno je vi\u0161e od 38.950 Palestinaca, dok je vi\u0161e od 89.700 povrije\u0111eno.<\/p>\n<p>Vi\u0161e od devet mjeseci nakon po\u010detka izraelskih napada, veliki djelovi Gaze su u ru\u0161evinama.<\/p>\n<p>Izrael je optu\u017een za genocid pred Me\u0111unarodnim sudom pravde, \u010dijom je najnovijom presudom nalo\u017eeno da odmah obustavi vojnu operaciju u ju\u017enom gradu Rafahu, gdje je vi\u0161e od milion Palestinaca potra\u017eilo uto\u010di\u0161te od rata prije nego \u0161to je napadnut 6. maja.<\/p>\n","protected":false},"excerpt":{"rendered":"<p>U gradu Groningenu u Holandiji na ulici je izlo\u017eeno 16.000 pari cipela koji simbolizuju djecu iz Gaze koju su izraelske snage ubile u napadima koji traju skoro deset mjeseci.<\/p>\n","protected":false},"author":1,"featured_media":407859,"comment_status":"open","ping_status":"closed","sticky":false,"template":"","format":"standard","meta":{"_seopress_robots_primary_cat":"none","_seopress_titles_title":"","_seopress_titles_desc":"","_seopress_robots_index":"","_et_pb_use_builder":"","_et_pb_old_content":"","_et_gb_content_width":"","inline_featured_image":false,"footnotes":""},"categories":[14],"tags":[],"class_list":["post-407856","post","type-post","status-publish","format-standard","has-post-thumbnail","hentry","category-vijesti"],"_links":{"self":[{"href":"https:\/\/www.pcnen.com\/portal\/wp-json\/wp\/v2\/posts\/407856","targetHints":{"allow":["GET"]}}],"collection":[{"href":"https:\/\/www.pcnen.com\/portal\/wp-json\/wp\/v2\/posts"}],"about":[{"href":"https:\/\/www.pcnen.com\/portal\/wp-json\/wp\/v2\/types\/post"}],"author":[{"embeddable":true,"href":"https:\/\/www.pcnen.com\/portal\/wp-json\/wp\/v2\/users\/1"}],"replies":[{"embeddable":true,"href":"https:\/\/www.pcnen.com\/portal\/wp-json\/wp\/v2\/comments?post=407856"}],"version-history":[{"count":1,"href":"https:\/\/www.pcnen.com\/portal\/wp-json\/wp\/v2\/posts\/407856\/revisions"}],"predecessor-version":[{"id":407860,"href":"https:\/\/www.pcnen.com\/portal\/wp-json\/wp\/v2\/posts\/407856\/revisions\/407860"}],"wp:featuredmedia":[{"embeddable":true,"href":"https:\/\/www.pcnen.com\/portal\/wp-json\/wp\/v2\/media\/407859"}],"wp:attachment":[{"href":"https:\/\/www.pcnen.com\/portal\/wp-json\/wp\/v2\/media?parent=407856"}],"wp:term":[{"taxonomy":"category","embeddable":true,"href":"https:\/\/www.pcnen.com\/portal\/wp-json\/wp\/v2\/categories?post=407856"},{"taxonomy":"post_tag","embeddable":true,"href":"https:\/\/www.pcnen.com\/portal\/wp-json\/wp\/v2\/tags?post=407856"}],"curies":[{"name":"wp","href":"https:\/\/api.w.org\/{rel}","templated":true}]}}