{"id":407838,"date":"2024-07-21T20:55:35","date_gmt":"2024-07-21T18:55:35","guid":{"rendered":"https:\/\/www.pcnen.com\/portal\/?p=407838"},"modified":"2024-07-21T20:55:35","modified_gmt":"2024-07-21T18:55:35","slug":"bajden-odustao-od-predsjednicke-trke","status":"publish","type":"post","link":"https:\/\/www.pcnen.com\/portal\/2024\/07\/21\/bajden-odustao-od-predsjednicke-trke\/","title":{"rendered":"Bajden odustao od predsjedni\u010dke trke"},"content":{"rendered":"<p>Ameri\u010dki predsjednik D\u017eo Bajden povukao se iz kampanje za reizbor na predsjedni\u010dkim izborima 5. novembra.<\/p>\n<p>&#8220;To je u najboljem interesu moje stranke i zemlje&#8221;, rekao je Bajden.<\/p>\n<p>Ova objava dolazi \u010detiri mjeseca prije nego \u0161to Amerikanci izlaze na birali\u0161ta, \u0161to mijenja trku za Bijelu ku\u0107u.<\/p>\n<p>Do nje je do\u0161lo nakon sedmica intenzivnog pritiska unutar demokratske stranke nakon slabog nastupa u debati protiv republikanca Donalda Trampa krajem juna i nedavnog nastupa pred novinarima na kraju NATO samita.<\/p>\n<p>U pismu objavljenom na njegovom profilu na dru\u0161tvenim mre\u017eama, rekao je da mu je bila najve\u0107a \u010dast u \u017eivotu da slu\u017ei kao predsjednik.<\/p>\n<p>&#8220;Iako mi je namjera bila da tra\u017eim reizbor, vjerujem da je u najboljem interesu moje stranke i zemlje da se povu\u010dem i posvetim isklju\u010divo ispunjavanju du\u017enosti predsjednika do kraja svog mandata&#8221;, poru\u010dio je Bajden, prenosi Index.hr.<\/p>\n","protected":false},"excerpt":{"rendered":"<p>Ameri\u010dki predsjednik D\u017eo Bajden povukao se iz kampanje za reizbor na predsjedni\u010dkim izborima 5. novembra.<\/p>\n","protected":false},"author":1,"featured_media":406252,"comment_status":"open","ping_status":"closed","sticky":false,"template":"","format":"standard","meta":{"_seopress_robots_primary_cat":"none","_seopress_titles_title":"","_seopress_titles_desc":"","_seopress_robots_index":"","_et_pb_use_builder":"","_et_pb_old_content":"","_et_gb_content_width":"","inline_featured_image":false,"footnotes":""},"categories":[14],"tags":[],"class_list":["post-407838","post","type-post","status-publish","format-standard","has-post-thumbnail","hentry","category-vijesti"],"_links":{"self":[{"href":"https:\/\/www.pcnen.com\/portal\/wp-json\/wp\/v2\/posts\/407838","targetHints":{"allow":["GET"]}}],"collection":[{"href":"https:\/\/www.pcnen.com\/portal\/wp-json\/wp\/v2\/posts"}],"about":[{"href":"https:\/\/www.pcnen.com\/portal\/wp-json\/wp\/v2\/types\/post"}],"author":[{"embeddable":true,"href":"https:\/\/www.pcnen.com\/portal\/wp-json\/wp\/v2\/users\/1"}],"replies":[{"embeddable":true,"href":"https:\/\/www.pcnen.com\/portal\/wp-json\/wp\/v2\/comments?post=407838"}],"version-history":[{"count":1,"href":"https:\/\/www.pcnen.com\/portal\/wp-json\/wp\/v2\/posts\/407838\/revisions"}],"predecessor-version":[{"id":407841,"href":"https:\/\/www.pcnen.com\/portal\/wp-json\/wp\/v2\/posts\/407838\/revisions\/407841"}],"wp:featuredmedia":[{"embeddable":true,"href":"https:\/\/www.pcnen.com\/portal\/wp-json\/wp\/v2\/media\/406252"}],"wp:attachment":[{"href":"https:\/\/www.pcnen.com\/portal\/wp-json\/wp\/v2\/media?parent=407838"}],"wp:term":[{"taxonomy":"category","embeddable":true,"href":"https:\/\/www.pcnen.com\/portal\/wp-json\/wp\/v2\/categories?post=407838"},{"taxonomy":"post_tag","embeddable":true,"href":"https:\/\/www.pcnen.com\/portal\/wp-json\/wp\/v2\/tags?post=407838"}],"curies":[{"name":"wp","href":"https:\/\/api.w.org\/{rel}","templated":true}]}}