{"id":407824,"date":"2024-07-21T19:10:49","date_gmt":"2024-07-21T17:10:49","guid":{"rendered":"https:\/\/www.pcnen.com\/portal\/?p=407824"},"modified":"2024-07-21T19:10:49","modified_gmt":"2024-07-21T17:10:49","slug":"tajna-sluzba-priznala-da-je-odbijala-zahtjeve-za-strozim-obezbjedjenjem-trampa","status":"publish","type":"post","link":"https:\/\/www.pcnen.com\/portal\/2024\/07\/21\/tajna-sluzba-priznala-da-je-odbijala-zahtjeve-za-strozim-obezbjedjenjem-trampa\/","title":{"rendered":"Tajna slu\u017eba priznala da je odbijala zahtjeve za stro\u017eim obezbje\u0111enjem Trampa"},"content":{"rendered":"<p>Tajna slu\u017eba SAD je saop\u0161tila da je odbila neke zahtjeve tima koji vodi kampanju republikanskog predsjedni\u010dkog kandidata Donalda Trampa za povec\u0301anje bezbjednosti na njegovim mitinzima u godinama prije poku\u0161aja atentata tokom predizbornog skupa 13. jula, prenose agencije.<\/p>\n<p>Neposredno nakon neuspelog atentata, agencija je negirala da je odbijala takve zahteve.<\/p>\n<p>Tramp je 13. jula ranjen u desno uvo, jedan u\u010desnik skupa je poginuo, a dvojica su ranjena.<\/p>\n<blockquote class=\"wp-embedded-content\" data-secret=\"6OScMCQr9p\"><p><a href=\"https:\/\/www.pcnen.com\/portal\/2024\/07\/14\/tramp-ranjen-na-skupu-u-pensilvaniji-napadac-ubijen-video\/\">Tramp ranjen na skupu u Pensilvaniji, napada\u010d ubijen (video)<\/a><\/p><\/blockquote>\n<p><iframe loading=\"lazy\" class=\"wp-embedded-content\" sandbox=\"allow-scripts\" security=\"restricted\" style=\"position: absolute; clip: rect(1px, 1px, 1px, 1px);\" title=\"&#8220;Tramp ranjen na skupu u Pensilvaniji, napada\u010d ubijen (video)&#8221; &#8212; PCNEN\" src=\"https:\/\/www.pcnen.com\/portal\/2024\/07\/14\/tramp-ranjen-na-skupu-u-pensilvaniji-napadac-ubijen-video\/embed\/#?secret=os8vkrkowF#?secret=6OScMCQr9p\" data-secret=\"6OScMCQr9p\" width=\"600\" height=\"338\" frameborder=\"0\" marginwidth=\"0\" marginheight=\"0\" scrolling=\"no\"><\/iframe><\/p>\n","protected":false},"excerpt":{"rendered":"<p>Tajna slu\u017eba SAD je saop\u0161tila da je odbila neke zahtjeve tima koji vodi kampanju republikanskog predsjedni\u010dkog kandidata Donalda Trampa za povec\u0301anje bezbjednosti na njegovim mitinzima<\/p>\n","protected":false},"author":1,"featured_media":381089,"comment_status":"open","ping_status":"closed","sticky":false,"template":"","format":"standard","meta":{"_seopress_robots_primary_cat":"none","_seopress_titles_title":"","_seopress_titles_desc":"","_seopress_robots_index":"","_et_pb_use_builder":"","_et_pb_old_content":"","_et_gb_content_width":"","inline_featured_image":false,"footnotes":""},"categories":[14],"tags":[],"class_list":["post-407824","post","type-post","status-publish","format-standard","has-post-thumbnail","hentry","category-vijesti"],"_links":{"self":[{"href":"https:\/\/www.pcnen.com\/portal\/wp-json\/wp\/v2\/posts\/407824","targetHints":{"allow":["GET"]}}],"collection":[{"href":"https:\/\/www.pcnen.com\/portal\/wp-json\/wp\/v2\/posts"}],"about":[{"href":"https:\/\/www.pcnen.com\/portal\/wp-json\/wp\/v2\/types\/post"}],"author":[{"embeddable":true,"href":"https:\/\/www.pcnen.com\/portal\/wp-json\/wp\/v2\/users\/1"}],"replies":[{"embeddable":true,"href":"https:\/\/www.pcnen.com\/portal\/wp-json\/wp\/v2\/comments?post=407824"}],"version-history":[{"count":1,"href":"https:\/\/www.pcnen.com\/portal\/wp-json\/wp\/v2\/posts\/407824\/revisions"}],"predecessor-version":[{"id":407827,"href":"https:\/\/www.pcnen.com\/portal\/wp-json\/wp\/v2\/posts\/407824\/revisions\/407827"}],"wp:featuredmedia":[{"embeddable":true,"href":"https:\/\/www.pcnen.com\/portal\/wp-json\/wp\/v2\/media\/381089"}],"wp:attachment":[{"href":"https:\/\/www.pcnen.com\/portal\/wp-json\/wp\/v2\/media?parent=407824"}],"wp:term":[{"taxonomy":"category","embeddable":true,"href":"https:\/\/www.pcnen.com\/portal\/wp-json\/wp\/v2\/categories?post=407824"},{"taxonomy":"post_tag","embeddable":true,"href":"https:\/\/www.pcnen.com\/portal\/wp-json\/wp\/v2\/tags?post=407824"}],"curies":[{"name":"wp","href":"https:\/\/api.w.org\/{rel}","templated":true}]}}