{"id":407792,"date":"2024-07-21T11:43:34","date_gmt":"2024-07-21T09:43:34","guid":{"rendered":"https:\/\/www.pcnen.com\/portal\/?p=407792"},"modified":"2024-07-21T11:43:34","modified_gmt":"2024-07-21T09:43:34","slug":"u-bih-proglasena-epidemija-morbila","status":"publish","type":"post","link":"https:\/\/www.pcnen.com\/portal\/2024\/07\/21\/u-bih-proglasena-epidemija-morbila\/","title":{"rendered":"U BiH progla\u0161ena epidemija morbila"},"content":{"rendered":"<p>U Bosni i Hercegovini JE zabele\u017een jo\u0161 jedan smrtni slu\u010daj od morbila, a preminuo je 18-godi\u0161nji Zeni\u010danin, potvr\u0111eno je iz Ministarstva zdravlja Zeni\u010dko-dobojske \u017eupanije.<\/p>\n<p>Ranije ove sedmice u Sarajevu je preminuo 17-godi\u0161nji de\u010dak, koji je tako\u0111e obolIo od morbila, a od tada je progla\u0161ena epidemija u Sarajevskoj \u017eupaniji, a sada i u Zeni\u010dko-dobojskoj.<\/p>\n<p>ObJe smrti povezane su sa niskom stopom vakcinacije me\u0111u djecom, podstaknutom kampanjom na dru\u0161tvenim mre\u017eama nepotkrepljenim tvrdnjama da su vakcinacije protiv malih boginja povezane sa autizmom kod male djece.<\/p>\n<p>Ministarka zdravlja Zeni\u010dko-dobojske \u017eupanije Aida Sal\u010dinovi\u0107 je rekla lokalnim medijima da je u toj \u017eupaniji vakcinacija djece protiv morbila na nivou od svega 37 posto, \u0161to pogoduje \u0161irenju zaraza. U toj \u017eupaniji do sada je potvr\u0111eno vi\u0161e od 1.200 slu\u010dajeva zaraze morbila, prenosi novi.ba.<\/p>\n","protected":false},"excerpt":{"rendered":"<p>U Bosni i Hercegovini JE zabele\u017een jo\u0161 jedan smrtni slu\u010daj od morbila, a preminuo je 18-godi\u0161nji Zeni\u010danin, potvr\u0111eno je iz Ministarstva zdravlja Zeni\u010dko-dobojske \u017eupanije.<\/p>\n","protected":false},"author":1,"featured_media":362699,"comment_status":"open","ping_status":"closed","sticky":false,"template":"","format":"standard","meta":{"_seopress_robots_primary_cat":"none","_seopress_titles_title":"","_seopress_titles_desc":"","_seopress_robots_index":"","_et_pb_use_builder":"","_et_pb_old_content":"","_et_gb_content_width":"","inline_featured_image":false,"footnotes":""},"categories":[14],"tags":[],"class_list":["post-407792","post","type-post","status-publish","format-standard","has-post-thumbnail","hentry","category-vijesti"],"_links":{"self":[{"href":"https:\/\/www.pcnen.com\/portal\/wp-json\/wp\/v2\/posts\/407792","targetHints":{"allow":["GET"]}}],"collection":[{"href":"https:\/\/www.pcnen.com\/portal\/wp-json\/wp\/v2\/posts"}],"about":[{"href":"https:\/\/www.pcnen.com\/portal\/wp-json\/wp\/v2\/types\/post"}],"author":[{"embeddable":true,"href":"https:\/\/www.pcnen.com\/portal\/wp-json\/wp\/v2\/users\/1"}],"replies":[{"embeddable":true,"href":"https:\/\/www.pcnen.com\/portal\/wp-json\/wp\/v2\/comments?post=407792"}],"version-history":[{"count":1,"href":"https:\/\/www.pcnen.com\/portal\/wp-json\/wp\/v2\/posts\/407792\/revisions"}],"predecessor-version":[{"id":407795,"href":"https:\/\/www.pcnen.com\/portal\/wp-json\/wp\/v2\/posts\/407792\/revisions\/407795"}],"wp:featuredmedia":[{"embeddable":true,"href":"https:\/\/www.pcnen.com\/portal\/wp-json\/wp\/v2\/media\/362699"}],"wp:attachment":[{"href":"https:\/\/www.pcnen.com\/portal\/wp-json\/wp\/v2\/media?parent=407792"}],"wp:term":[{"taxonomy":"category","embeddable":true,"href":"https:\/\/www.pcnen.com\/portal\/wp-json\/wp\/v2\/categories?post=407792"},{"taxonomy":"post_tag","embeddable":true,"href":"https:\/\/www.pcnen.com\/portal\/wp-json\/wp\/v2\/tags?post=407792"}],"curies":[{"name":"wp","href":"https:\/\/api.w.org\/{rel}","templated":true}]}}