{"id":407747,"date":"2024-07-21T08:48:48","date_gmt":"2024-07-21T06:48:48","guid":{"rendered":"https:\/\/www.pcnen.com\/portal\/?p=407747"},"modified":"2024-07-21T09:07:38","modified_gmt":"2024-07-21T07:07:38","slug":"crmnicani-danas-tri-sata-blokiraju-sozine","status":"publish","type":"post","link":"https:\/\/www.pcnen.com\/portal\/2024\/07\/21\/crmnicani-danas-tri-sata-blokiraju-sozine\/","title":{"rendered":"Crmni\u010dani danas tri sata blokiraju Sozine"},"content":{"rendered":"<p>Mje\u0161tani Crmnice najavili su tro\u010dasovnu blokadu tunela Sozina za danas, 21. jula, u periodu od devet do 12 \u010dasova. Okupljanje je najavljeno na skretanju za tunel Sozina, preko puta Kalamper pumpe.<\/p>\n<p>Zbog aktuelne turisti\u010dke sezone mje\u0161tani ne\u0107e blokirati put preko Pa\u0161trova\u010dke gore, kao ni alternativni put Sutorman-Bar.<\/p>\n<p>Kako su poru\u010dili organizatori iz Grupe gra\u0111ana Crmnice, protestova\u0107e mje\u0161tani Crmnice koji su direktno pogo\u0111eni ovom situacijom. Tako\u0111e, pozivaju sve, osim politi\u010dara, da im se pridru\u017ee.<\/p>\n<p>\u201cNe \u017eelimo podr\u0161ku politi\u010dara. Od njih samo o\u010dekujemo da ispune obe\u0107anje i glasaju za Zakon koji bi rije\u0161io na\u0161 problem. Zato pozivamo poslani\u010dke klubove da nas tako podr\u017ee\u201d, \u00a0saop\u0161tili su organizatori protesta.<\/p>\n<p>Blokada je ponovljena jer nije do\u0161lo do ispunjenja njihovih zahtjeva, ta\u010dnije do izglasavanja predloga za izmjene i dopune Zakona o putevima ili dogovora o trajnom rje\u0161enju ovog pitanja sa kompanijom Monteput.<\/p>\n<blockquote><p>Za vrijeme trajanja obustave, saobra\u0107aj \u0107e biti preusmjeren magistralnim putem Virpazar &#8211; Pa\u0161trova\u010dka gora &#8211; Bar i regionalnim putem Virpazar &#8211; Sutorman &#8211; Bar, saop\u0161tila je Uprava policije.<\/p><\/blockquote>\n<blockquote class=\"wp-embedded-content\" data-secret=\"BRjhM5KaP5\"><p><a href=\"https:\/\/www.pcnen.com\/portal\/2024\/07\/13\/pocela-dvosatna-blokada-sozine\/\">Po\u010dela dvosatna blokada Sozine<\/a><\/p><\/blockquote>\n<p><iframe loading=\"lazy\" class=\"wp-embedded-content\" sandbox=\"allow-scripts\" security=\"restricted\" style=\"position: absolute; clip: rect(1px, 1px, 1px, 1px);\" title=\"&#8220;Po\u010dela dvosatna blokada Sozine&#8221; &#8212; PCNEN\" src=\"https:\/\/www.pcnen.com\/portal\/2024\/07\/13\/pocela-dvosatna-blokada-sozine\/embed\/#?secret=cMgVbfjBTW#?secret=BRjhM5KaP5\" data-secret=\"BRjhM5KaP5\" width=\"600\" height=\"338\" frameborder=\"0\" marginwidth=\"0\" marginheight=\"0\" scrolling=\"no\"><\/iframe><\/p>\n","protected":false},"excerpt":{"rendered":"<p>Mje\u0161tani Crmnice najavili su tro\u010dasovnu blokadu tunela Sozina za danas, 21. jula, u periodu od devet do 12 \u010dasova. Okupljanje je najavljeno na skretanju za tunel Sozina, preko puta Kalamper pumpe.<\/p>\n","protected":false},"author":1,"featured_media":407750,"comment_status":"open","ping_status":"closed","sticky":false,"template":"","format":"standard","meta":{"_seopress_robots_primary_cat":"none","_seopress_titles_title":"","_seopress_titles_desc":"","_seopress_robots_index":"","_et_pb_use_builder":"","_et_pb_old_content":"","_et_gb_content_width":"","inline_featured_image":false,"footnotes":""},"categories":[14],"tags":[],"class_list":["post-407747","post","type-post","status-publish","format-standard","has-post-thumbnail","hentry","category-vijesti"],"_links":{"self":[{"href":"https:\/\/www.pcnen.com\/portal\/wp-json\/wp\/v2\/posts\/407747","targetHints":{"allow":["GET"]}}],"collection":[{"href":"https:\/\/www.pcnen.com\/portal\/wp-json\/wp\/v2\/posts"}],"about":[{"href":"https:\/\/www.pcnen.com\/portal\/wp-json\/wp\/v2\/types\/post"}],"author":[{"embeddable":true,"href":"https:\/\/www.pcnen.com\/portal\/wp-json\/wp\/v2\/users\/1"}],"replies":[{"embeddable":true,"href":"https:\/\/www.pcnen.com\/portal\/wp-json\/wp\/v2\/comments?post=407747"}],"version-history":[{"count":4,"href":"https:\/\/www.pcnen.com\/portal\/wp-json\/wp\/v2\/posts\/407747\/revisions"}],"predecessor-version":[{"id":407777,"href":"https:\/\/www.pcnen.com\/portal\/wp-json\/wp\/v2\/posts\/407747\/revisions\/407777"}],"wp:featuredmedia":[{"embeddable":true,"href":"https:\/\/www.pcnen.com\/portal\/wp-json\/wp\/v2\/media\/407750"}],"wp:attachment":[{"href":"https:\/\/www.pcnen.com\/portal\/wp-json\/wp\/v2\/media?parent=407747"}],"wp:term":[{"taxonomy":"category","embeddable":true,"href":"https:\/\/www.pcnen.com\/portal\/wp-json\/wp\/v2\/categories?post=407747"},{"taxonomy":"post_tag","embeddable":true,"href":"https:\/\/www.pcnen.com\/portal\/wp-json\/wp\/v2\/tags?post=407747"}],"curies":[{"name":"wp","href":"https:\/\/api.w.org\/{rel}","templated":true}]}}