{"id":407703,"date":"2024-07-20T09:18:08","date_gmt":"2024-07-20T07:18:08","guid":{"rendered":"https:\/\/www.pcnen.com\/portal\/?p=407703"},"modified":"2024-07-20T09:18:08","modified_gmt":"2024-07-20T07:18:08","slug":"kada-se-zavrsava-toplotni-talas-u-evropi","status":"publish","type":"post","link":"https:\/\/www.pcnen.com\/portal\/2024\/07\/20\/kada-se-zavrsava-toplotni-talas-u-evropi\/","title":{"rendered":"Kada se zavr\u0161ava toplotni talas u Evropi?"},"content":{"rendered":"<p>Ekstremne vru\u0107ine koje su ovog mjeseca zahvatile mnoge ju\u017ene i isto\u010dne zemlje djelimi\u010dno su izazvane talasom toplog vazduha iz sjeverne Afrike.<\/p>\n<p>O\u010dekuje se da \u0107e smrtonosna vru\u0107ina kona\u010dno nestati u mnogim mjestima tokom vikenda i slede\u0107e nedjelje. U svakom slu\u010daju ovaj toplotni talas, za sada, dobija epitet jednog od najdu\u017eih i definitivno \u0107e ostati upam\u0107en neko vrijeme.<\/p>\n<p>Meteorolog u meteorolo\u0161koj slu\u017ebi Veather &amp; Radar Lars Lovinski obja\u0161njava za Euronews.rs da sve ima veze sa prili\u010dno upornim vremenskim obrascima.<\/p>\n<p>\u201cJu\u017eni i isto\u010dni djelovi Evrope bili su pod onim \u0161to nazivamo grebenom visokog pritiska (poznatog i kao toplotna kupola), u su\u0161tini veliko podru\u010dje visokog pritiska sa dosta veoma toplog vazduha koji se ne kre\u0107e mnogo\u201d, ka\u017ee meteorolog.<\/p>\n<p>Nasuprot tome, oblasti niskog pritiska sa hladnijim i promjenljivijim uslovima dominiraju slikom bli\u017ee Atlantiku.<\/p>\n<p>Sjeverna Evropa je po\u0161te\u0111ena u\u017earene vru\u0107ine zbog mlaznog toka: trake brzog vazduha u gornjim nivoima atmosfere koja razdvaja ova dva vremenska re\u017eima.<\/p>\n<p>Kako Lovinski obja\u0161najva, tamo gdje se susre\u0107u dvije vazdu\u0161ne mase, od ju\u017ene Francuske i Alpa do balti\u010dkih dr\u017eava, bilo je nekoliko ciklusa jake ki\u0161e i jakih grmljavina sa velikim gradom i jakim vjetrovima.<\/p>\n<p>Temperature su bile od \u0161est do 12 stepeni Celzijusa iznad prosje\u010dnih vrijednosti za doba godine, izazivaju\u0107i po\u017eare i zahtijevaju\u0107i rekordnu potro\u0161nju energije.<\/p>\n<p>Neobi\u010dno toplo vrijeme \u0107e se nastaviti jo\u0161 nekoliko dana, prema Veather &amp; Radar-u, sa temperaturama ponovo na 35 do 40 stepeni Celzijusa u mjestima kao \u0161to su Srbija, Italija, Albanija, Gr\u010dka, Rumunija i Bugarska.<\/p>\n<p>Me\u0111utim, Lovinski ka\u017ee da je dobra vijest to da su ekstremne vru\u0107ine sada iza nas.<\/p>\n<p>\u201cOvaj prodor hladnijeg i svje\u017eeg vazduha po\u010detkom sljede\u0107e nedjelje tako\u0111e bi mogao da izazove jake oluje sa grmljavinom na nekim mjestima, posebno \u0161irom Balkana\u201d, ka\u017ee.<\/p>\n<p>Italijanski sajt za vremenske vijesti IlMeteo tako\u0111e upozorava na ovu mogu\u0107nost, sa grmljavinom koja se predvi\u0111a u mnogim djelovima zemlje u nedjelju.<\/p>\n<p>Uprkos smanjenju toplotnog talasa, temperature \u0107e i dalje ostati visoke do kraja mjeseca. Lovinski prognozira temperature od niskih do srednjih 30 stepeni Celzijusa za mnoga mjesta u ju\u017enoj Evropi do 25. jula.<\/p>\n<p>S obzirom na veliki vremenski obrazac koji stoji iza toga, prognosti\u010dari su uo\u010dili da ovaj trenutni toplotni talas dolazi mnogo ranije. Prvi znaci se naslu\u0107uju ve\u0107 krajem juna.<\/p>\n<p>Me\u0111utim, predvi\u0111anje toplotnih talasa \u2013 posebno njihovog intenziteta i trajanja \u2013 ostaje izazov, a stru\u010dnjaci nisu sigurni \u0161ta se o\u010dekuje do kraja ljeta.<\/p>\n<p>Vi\u0161i meterolog AccuWeather-a Tajler Rojs ka\u017ee da je malo vjerovatno da \u0107emo vidjeti reprizu ovonedjeljne vru\u0107ine od Italije do Ukrajine.<\/p>\n<p>\u201cVe\u0107a je vjerovatno\u0107a da \u0107e se lokalizovana ekstremna toplota (35C+) desiti dan ili dva u isto vrijeme na tipi\u010dnim lokacijama, posebno sredinom avgusta. Izgleda da postoji mogu\u0107nost da se u drugoj polovini avgusta temperature vrate na 30 do 35 stepeni Celzijusa na neko vrijeme\u201d, ka\u017ee Rojs.<\/p>\n<p>Za Lovinskog, ve\u0107i izazov je preno\u0161enje rizika koji dolaze sa produ\u017eenim toplotnim talasima.<\/p>\n<p>\u201cEkstremne, a ponekad i rekordne, temperature koje smo vidjeli u proteklih nekoliko dana tako\u0111e su jasan pokazatelj da klimatske promjene pogor\u0161avaju ove vru\u0107ine\u201d, ka\u017ee on.<\/p>\n<p>Kako ka\u017ee, nove okolnosti u kojma se nalazimo uti\u010de i na to da mora da se razmi\u0161lja dugoro\u010dnije jer je izvjesno da \u0107e se ovakvi toplotni talasi ponavljati.<\/p>\n<p>\u201cToplotni talasi sada imaju tendenciju da budu intenzivniji, a to uklju\u010duje i no\u0107ne temperature. Preno\u0161enje tog rizika i kako pripremiti ljude, \u017eivotinje i infrastrukturu (mislimo na klimatizaciju i dodatno optere\u0107enje na elektri\u010dnim mre\u017eama, na primjer) je sve va\u017enije\u201d, ka\u017ee on.<\/p>\n","protected":false},"excerpt":{"rendered":"<p>Ekstremne vru\u0107ine koje su ovog mjeseca zahvatile mnoge ju\u017ene i isto\u010dne zemlje djelimi\u010dno su izazvane talasom toplog vazduha iz sjeverne Afrike.<\/p>\n","protected":false},"author":1,"featured_media":407248,"comment_status":"open","ping_status":"closed","sticky":false,"template":"","format":"standard","meta":{"_seopress_robots_primary_cat":"none","_seopress_titles_title":"","_seopress_titles_desc":"","_seopress_robots_index":"","_et_pb_use_builder":"","_et_pb_old_content":"","_et_gb_content_width":"","inline_featured_image":false,"footnotes":""},"categories":[14],"tags":[],"class_list":["post-407703","post","type-post","status-publish","format-standard","has-post-thumbnail","hentry","category-vijesti"],"_links":{"self":[{"href":"https:\/\/www.pcnen.com\/portal\/wp-json\/wp\/v2\/posts\/407703","targetHints":{"allow":["GET"]}}],"collection":[{"href":"https:\/\/www.pcnen.com\/portal\/wp-json\/wp\/v2\/posts"}],"about":[{"href":"https:\/\/www.pcnen.com\/portal\/wp-json\/wp\/v2\/types\/post"}],"author":[{"embeddable":true,"href":"https:\/\/www.pcnen.com\/portal\/wp-json\/wp\/v2\/users\/1"}],"replies":[{"embeddable":true,"href":"https:\/\/www.pcnen.com\/portal\/wp-json\/wp\/v2\/comments?post=407703"}],"version-history":[{"count":1,"href":"https:\/\/www.pcnen.com\/portal\/wp-json\/wp\/v2\/posts\/407703\/revisions"}],"predecessor-version":[{"id":407706,"href":"https:\/\/www.pcnen.com\/portal\/wp-json\/wp\/v2\/posts\/407703\/revisions\/407706"}],"wp:featuredmedia":[{"embeddable":true,"href":"https:\/\/www.pcnen.com\/portal\/wp-json\/wp\/v2\/media\/407248"}],"wp:attachment":[{"href":"https:\/\/www.pcnen.com\/portal\/wp-json\/wp\/v2\/media?parent=407703"}],"wp:term":[{"taxonomy":"category","embeddable":true,"href":"https:\/\/www.pcnen.com\/portal\/wp-json\/wp\/v2\/categories?post=407703"},{"taxonomy":"post_tag","embeddable":true,"href":"https:\/\/www.pcnen.com\/portal\/wp-json\/wp\/v2\/tags?post=407703"}],"curies":[{"name":"wp","href":"https:\/\/api.w.org\/{rel}","templated":true}]}}