{"id":407676,"date":"2024-07-19T22:42:53","date_gmt":"2024-07-19T20:42:53","guid":{"rendered":"https:\/\/www.pcnen.com\/portal\/?p=407676"},"modified":"2024-07-19T22:44:15","modified_gmt":"2024-07-19T20:44:15","slug":"palestinsko-ministarstvo-vanjskih-poslova-istorijska-presuda-medjunarodnog-suda-pravde","status":"publish","type":"post","link":"https:\/\/www.pcnen.com\/portal\/2024\/07\/19\/palestinsko-ministarstvo-vanjskih-poslova-istorijska-presuda-medjunarodnog-suda-pravde\/","title":{"rendered":"Palestinsko ministarstvo vanjskih poslova: Istorijska presuda Me\u0111unarodnog suda pravde"},"content":{"rendered":"<p>Ministarstva vanjskih poslova Dr\u017eave Palestine je, povodom mi\u0161ljenja Me\u0111unarodnog suda pravde, kazalo &#8220;da je Izrael u obavezi da bezuslovno okon\u010da ovaj ilegalni kolonijalni poduhvat, a to zna\u010di odmah i potpuno&#8221;.<\/p>\n<p>&#8220;Ova odluka ne mo\u017ee biti pravovremenija i prijeko je potrebna sada. Palestinski narod je decenijama trpio nepodno\u0161ljivu patnju i nepravdu. Kolonijalna, ekspanzionisti\u010dka i genocidna politika Izraela u potpunosti je otkrivena pred o\u010dima svijeta. Palestinski narod se suo\u010dava sa svirepim genocidom i brani svoje pravo na postojanje i \u017eivot. Ova odluka je dokaz njegove postojanosti i upornosti&#8221;, re\u010deno je u saop\u0161tenju palestinskog ministarstva.<\/p>\n<p>Ministarstvo podsje\u0107a na to da su sada sve dr\u017eave i UN &#8220;u obavezi da ne priznaju legalnost izraelskog prisustva na okupiranoj palestinskoj teritoriji i da ne u\u010dine ni\u0161ta da pomognu Izraelu u odr\u017eavanju ove ilegalne situacije&#8221;.<\/p>\n<p>&#8220;Me\u0111unarodni sud pravde je ovom istorijskom presudom ispunio svoje pravne i moralne obaveze. Sve dr\u017eave sada moraju ispuniti svoje jasne obaveze: Bez davanja pomo\u0107i, saradnje, sau\u010desni\u0161tva, novca, oru\u017eja ili trgovine, bez bilo koje akcije ili vrste podr\u0161ke izraelskoj ilegalnoj okupaciji. Sve dr\u017eave \u010dlanice UN-a su po zakonu obavezne da prekinu prisustvo Izraela na teritoriji Palestine. To zahtijeva me\u0111unarodno pravo, ni vi\u0161e ni manje&#8221;, konstatuje se u saop\u0161tenju Ministarstva vanjskih poslova Dr\u017eave Palestine, koje je medijima proslijedila palestinska ambasada u Podgorici.<\/p>\n<blockquote class=\"wp-embedded-content\" data-secret=\"O0byqSstTK\"><p><a href=\"https:\/\/www.pcnen.com\/portal\/2024\/07\/19\/sud-un-izraelska-okupacija-palestinskih-teritorija-nezakonita\/\">Sud UN: Izraelska okupacija palestinskih teritorija nezakonita<\/a><\/p><\/blockquote>\n<p><iframe loading=\"lazy\" class=\"wp-embedded-content\" sandbox=\"allow-scripts\" security=\"restricted\" style=\"position: absolute; clip: rect(1px, 1px, 1px, 1px);\" title=\"&#8220;Sud UN: Izraelska okupacija palestinskih teritorija nezakonita&#8221; &#8212; PCNEN\" src=\"https:\/\/www.pcnen.com\/portal\/2024\/07\/19\/sud-un-izraelska-okupacija-palestinskih-teritorija-nezakonita\/embed\/#?secret=nFbrvGuWGj#?secret=O0byqSstTK\" data-secret=\"O0byqSstTK\" width=\"600\" height=\"338\" frameborder=\"0\" marginwidth=\"0\" marginheight=\"0\" scrolling=\"no\"><\/iframe><\/p>\n<p>&nbsp;<\/p>\n","protected":false},"excerpt":{"rendered":"<p>Ministarstva vanjskih poslova Dr\u017eave Palestine je, povodom mi\u0161ljenja Me\u0111unarodnog suda pravde, kazalo &#8220;da je Izrael u obavezi da bezuslovno okon\u010da ovaj ilegalni kolonijalni poduhvat, a to zna\u010di odmah i potpuno&#8221;.<\/p>\n","protected":false},"author":1,"featured_media":382763,"comment_status":"open","ping_status":"closed","sticky":false,"template":"","format":"standard","meta":{"_seopress_robots_primary_cat":"none","_seopress_titles_title":"","_seopress_titles_desc":"","_seopress_robots_index":"","_et_pb_use_builder":"","_et_pb_old_content":"","_et_gb_content_width":"","inline_featured_image":false,"footnotes":""},"categories":[14],"tags":[1195,1285,2481,1198],"class_list":["post-407676","post","type-post","status-publish","format-standard","has-post-thumbnail","hentry","category-vijesti","tag-izrael","tag-medunarodni-sud-pravde","tag-okupacija","tag-palestina"],"_links":{"self":[{"href":"https:\/\/www.pcnen.com\/portal\/wp-json\/wp\/v2\/posts\/407676","targetHints":{"allow":["GET"]}}],"collection":[{"href":"https:\/\/www.pcnen.com\/portal\/wp-json\/wp\/v2\/posts"}],"about":[{"href":"https:\/\/www.pcnen.com\/portal\/wp-json\/wp\/v2\/types\/post"}],"author":[{"embeddable":true,"href":"https:\/\/www.pcnen.com\/portal\/wp-json\/wp\/v2\/users\/1"}],"replies":[{"embeddable":true,"href":"https:\/\/www.pcnen.com\/portal\/wp-json\/wp\/v2\/comments?post=407676"}],"version-history":[{"count":2,"href":"https:\/\/www.pcnen.com\/portal\/wp-json\/wp\/v2\/posts\/407676\/revisions"}],"predecessor-version":[{"id":407680,"href":"https:\/\/www.pcnen.com\/portal\/wp-json\/wp\/v2\/posts\/407676\/revisions\/407680"}],"wp:featuredmedia":[{"embeddable":true,"href":"https:\/\/www.pcnen.com\/portal\/wp-json\/wp\/v2\/media\/382763"}],"wp:attachment":[{"href":"https:\/\/www.pcnen.com\/portal\/wp-json\/wp\/v2\/media?parent=407676"}],"wp:term":[{"taxonomy":"category","embeddable":true,"href":"https:\/\/www.pcnen.com\/portal\/wp-json\/wp\/v2\/categories?post=407676"},{"taxonomy":"post_tag","embeddable":true,"href":"https:\/\/www.pcnen.com\/portal\/wp-json\/wp\/v2\/tags?post=407676"}],"curies":[{"name":"wp","href":"https:\/\/api.w.org\/{rel}","templated":true}]}}