{"id":407668,"date":"2024-07-19T20:04:33","date_gmt":"2024-07-19T18:04:33","guid":{"rendered":"https:\/\/www.pcnen.com\/portal\/?p=407668"},"modified":"2024-07-19T20:04:33","modified_gmt":"2024-07-19T18:04:33","slug":"kratkotrajna-kisa-ponegdje-na-sjeveru-crne-gore","status":"publish","type":"post","link":"https:\/\/www.pcnen.com\/portal\/2024\/07\/19\/kratkotrajna-kisa-ponegdje-na-sjeveru-crne-gore\/","title":{"rendered":"Kratkotrajna ki\u0161a ponegdje na sjeveru Crne Gore"},"content":{"rendered":"<p>U Crnoj Gori \u0107e u subotu biti prijepodne uglavnom sun\u010dano, dok \u0107e u drugom dijelu dana biti promjenljivo obla\u010dno, ponegdje u sjevernim predjelima sa kratkotrajnom ki\u0161om.<\/p>\n<p>Vjetar promjenljivog smjera bi\u0107e slab do umjeren.<\/p>\n<p>Jutarnja temperatura vazduha bi\u0107e u rasponu od 13 do 26, a najvi\u0161a dnevna od 25 do 38 stepeni.<\/p>\n<p>U Podgorici \u0107e biti malo do umjereno obla\u010dno sa du\u017eim sun\u010danim periodima i veoma toplo.<\/p>\n<p>Slab do umjeren vjetar \u0107e mijenjati smjer.<\/p>\n<p>Jutarnja temperatura vazduha bi\u0107e oko 26, a najvi\u0161a dnevna do 38 stepeni.<\/p>\n","protected":false},"excerpt":{"rendered":"<p>Jutarnja temperatura vazduha bi\u0107e u rasponu od 13 do 26, a najvi\u0161a dnevna od 25 do 38 stepeni.<\/p>\n","protected":false},"author":1,"featured_media":359145,"comment_status":"open","ping_status":"closed","sticky":false,"template":"","format":"standard","meta":{"_seopress_robots_primary_cat":"none","_seopress_titles_title":"","_seopress_titles_desc":"","_seopress_robots_index":"","_et_pb_use_builder":"","_et_pb_old_content":"","_et_gb_content_width":"","inline_featured_image":false,"footnotes":""},"categories":[14],"tags":[],"class_list":["post-407668","post","type-post","status-publish","format-standard","has-post-thumbnail","hentry","category-vijesti"],"_links":{"self":[{"href":"https:\/\/www.pcnen.com\/portal\/wp-json\/wp\/v2\/posts\/407668","targetHints":{"allow":["GET"]}}],"collection":[{"href":"https:\/\/www.pcnen.com\/portal\/wp-json\/wp\/v2\/posts"}],"about":[{"href":"https:\/\/www.pcnen.com\/portal\/wp-json\/wp\/v2\/types\/post"}],"author":[{"embeddable":true,"href":"https:\/\/www.pcnen.com\/portal\/wp-json\/wp\/v2\/users\/1"}],"replies":[{"embeddable":true,"href":"https:\/\/www.pcnen.com\/portal\/wp-json\/wp\/v2\/comments?post=407668"}],"version-history":[{"count":1,"href":"https:\/\/www.pcnen.com\/portal\/wp-json\/wp\/v2\/posts\/407668\/revisions"}],"predecessor-version":[{"id":407671,"href":"https:\/\/www.pcnen.com\/portal\/wp-json\/wp\/v2\/posts\/407668\/revisions\/407671"}],"wp:featuredmedia":[{"embeddable":true,"href":"https:\/\/www.pcnen.com\/portal\/wp-json\/wp\/v2\/media\/359145"}],"wp:attachment":[{"href":"https:\/\/www.pcnen.com\/portal\/wp-json\/wp\/v2\/media?parent=407668"}],"wp:term":[{"taxonomy":"category","embeddable":true,"href":"https:\/\/www.pcnen.com\/portal\/wp-json\/wp\/v2\/categories?post=407668"},{"taxonomy":"post_tag","embeddable":true,"href":"https:\/\/www.pcnen.com\/portal\/wp-json\/wp\/v2\/tags?post=407668"}],"curies":[{"name":"wp","href":"https:\/\/api.w.org\/{rel}","templated":true}]}}