{"id":407653,"date":"2024-07-19T15:36:36","date_gmt":"2024-07-19T13:36:36","guid":{"rendered":"https:\/\/www.pcnen.com\/portal\/?p=407653"},"modified":"2024-07-19T15:41:54","modified_gmt":"2024-07-19T13:41:54","slug":"odbijeno-jemstvo-milosu-medenici","status":"publish","type":"post","link":"https:\/\/www.pcnen.com\/portal\/2024\/07\/19\/odbijeno-jemstvo-milosu-medenici\/","title":{"rendered":"Odbijeno jemstvo Milo\u0161u Medenici"},"content":{"rendered":"<p>Sutkinja Vi\u0161eg suda Nada Rabrenovi\u0107 odbila je da uz jemstvo od 1,45 miliona eura pusti Milo\u0161a Medenicu da se sa slobode brani optu\u017ebi za stavaranje kriminalne organizacije i krijum\u010darenje cigareta i uticaja na sudsku vlast, potvrdila jc Vijestima\u00a0 portparolka Vi\u0161eg suda Marija Rakovi\u0107.<\/p>\n<p>Takvu odluku donijela je nakon \u0161to je Apelacioni sud nedavno ukinuo rje\u0161enje kojim je vije\u0107e Rabrenovi\u0107 odbilo da Medenicu pusti uz jemstvo.<\/p>\n<p>Specijalno dr\u017eavno tu\u017eila\u0161tvo (SDT) podiglo je optu\u017enicu protiv Milo\u0161a i njegove majke Vesne Medenice, Darka Lalovi\u0107a, Vasilija Petrovi\u0107a, Bojana i Marka Popovi\u0107a, Milice Vlahovi\u0107 Milosavljevi\u0107, Marka Vu\u010dini\u0107a, Milorada Medenice, Luke Bako\u010da, Petra Milutinovi\u0107a, Ivane Kova\u010devi\u0107, Radomira Rai\u010devi\u0107a, Marjana Bevenje, Steva Karaniki\u0107a, Gorana Jovanovi\u0107a i \u201cKopad Company\u201d iz Nik\u0161i\u0107a&#8230;<\/p>\n<p>Terete ih za krivi\u010dna djela &#8211; stvaranje kriminalne organizacije, produ\u017eeno krivi\u010dno djelo krijum\u010darenje, produ\u017eeno krivi\u010dno djelo davanje mita, primanje mita, protivzakoniti uticaj i navo\u0111enje na protivzakoniti uticaj, zloupotreba slu\u017ebenog polo\u017eaja, neovla\u0161\u0107ena proizvodnja, dr\u017eanje i stavljanje u promet opojnih droga, omogu\u0107avanje u\u017eivanja opojnih droga, nedozvoljeno dr\u017eanje oru\u017eja i eksplozivnih materija, te\u0161ka tjelesna povreda i spre\u010davanje dokazivanja.<\/p>\n<p><a href=\"https:\/\/www.pcnen.com\/portal\/?s=Milo%C5%A1+Medenica\">VEZANE VIJESTI<\/a><\/p>\n","protected":false},"excerpt":{"rendered":"<p>Sutkinja Vi\u0161eg suda Nada Rabrenovi\u0107 odbila je da uz jemstvo od 1,45 miliona eura pusti Milo\u0161a Medenicu da se sa slobode brani optu\u017ebi za stavaranje kriminalne organizacije i krijum\u010darenje cigareta i uticaja na sudsku vlast, potvrdila jc Vijestima\u00a0 portparolka Vi\u0161eg suda Marija Rakovi\u0107.<\/p>\n","protected":false},"author":1,"featured_media":346248,"comment_status":"open","ping_status":"closed","sticky":false,"template":"","format":"standard","meta":{"_seopress_robots_primary_cat":"none","_seopress_titles_title":"","_seopress_titles_desc":"","_seopress_robots_index":"","_et_pb_use_builder":"","_et_pb_old_content":"","_et_gb_content_width":"","inline_featured_image":false,"footnotes":""},"categories":[14],"tags":[],"class_list":["post-407653","post","type-post","status-publish","format-standard","has-post-thumbnail","hentry","category-vijesti"],"_links":{"self":[{"href":"https:\/\/www.pcnen.com\/portal\/wp-json\/wp\/v2\/posts\/407653","targetHints":{"allow":["GET"]}}],"collection":[{"href":"https:\/\/www.pcnen.com\/portal\/wp-json\/wp\/v2\/posts"}],"about":[{"href":"https:\/\/www.pcnen.com\/portal\/wp-json\/wp\/v2\/types\/post"}],"author":[{"embeddable":true,"href":"https:\/\/www.pcnen.com\/portal\/wp-json\/wp\/v2\/users\/1"}],"replies":[{"embeddable":true,"href":"https:\/\/www.pcnen.com\/portal\/wp-json\/wp\/v2\/comments?post=407653"}],"version-history":[{"count":3,"href":"https:\/\/www.pcnen.com\/portal\/wp-json\/wp\/v2\/posts\/407653\/revisions"}],"predecessor-version":[{"id":407658,"href":"https:\/\/www.pcnen.com\/portal\/wp-json\/wp\/v2\/posts\/407653\/revisions\/407658"}],"wp:featuredmedia":[{"embeddable":true,"href":"https:\/\/www.pcnen.com\/portal\/wp-json\/wp\/v2\/media\/346248"}],"wp:attachment":[{"href":"https:\/\/www.pcnen.com\/portal\/wp-json\/wp\/v2\/media?parent=407653"}],"wp:term":[{"taxonomy":"category","embeddable":true,"href":"https:\/\/www.pcnen.com\/portal\/wp-json\/wp\/v2\/categories?post=407653"},{"taxonomy":"post_tag","embeddable":true,"href":"https:\/\/www.pcnen.com\/portal\/wp-json\/wp\/v2\/tags?post=407653"}],"curies":[{"name":"wp","href":"https:\/\/api.w.org\/{rel}","templated":true}]}}