{"id":407638,"date":"2024-07-19T13:40:43","date_gmt":"2024-07-19T11:40:43","guid":{"rendered":"https:\/\/www.pcnen.com\/portal\/?p=407638"},"modified":"2024-07-19T13:47:07","modified_gmt":"2024-07-19T11:47:07","slug":"solc-potreban-nam-je-litijum-jer-je-vazan-za-buducu-mobilnost-kao-nafta-do-sada","status":"publish","type":"post","link":"https:\/\/www.pcnen.com\/portal\/2024\/07\/19\/solc-potreban-nam-je-litijum-jer-je-vazan-za-buducu-mobilnost-kao-nafta-do-sada\/","title":{"rendered":"\u0160olc: Potreban nam je litijum jer je va\u017ean za budu\u0107u mobilnost, kao nafta do sada"},"content":{"rendered":"<p>Na Samitu o kriti\u010dnim sirovinama, koji se odr\u017eava u Beogradu, njema\u010dki kancelar Olaf \u0160olc je izjavio da je dana\u0161nje potpisivanje Memoranduma o razumijevanju izme\u0111u EU i Srbije o strate\u0161kom partnerstvu o odr\u017eivim sirovinama, lancima proizvodnje baterija i elektri\u010dnim vozilima &#8220;va\u017ean trenutak&#8221;.<\/p>\n<p>&#8220;Ovaj projekat (za iskopavanje jadarita) stvara nove potencijale lanca proizvodnje, radna mjesta ne samo kada je rije\u010d o rudarstvu nego i u drugim koracima prerade&#8221;, rekao je \u0160olc, dodaju\u0107i da je to prekretnica za budu\u0107nost. On je istakao i da za\u0161titu \u017eivotne sredine pri iskopavanju litijuma u Srbiji smatraju svojom obavezom i da \u0107e sve vrijeme biti aktivan partner te koristiti znanja in\u017eenjera, prenosi agencija Beta.<\/p>\n<p>&#8220;Potreban nam je litijum i ubije\u0111en sam da je to va\u017eno za budu\u0107u mobilnost&#8221;, rekao je \u0160olc.<\/p>\n<p>Potpredsjednik Evropske komisije Maro\u0161 \u0160ef\u010dovi\u010d, zadu\u017een za Evropski zeleni dogovor, je izjavio da je sistem rudarenja litijuma dobro razmotren, te da \u0107e i u Srbiji biti kori\u0161\u0107ene najbolje prakse.<\/p>\n<p>Predsjednik Srbije Aleksandar Vu\u010di\u0107 je izjavio danas da bez pune za\u0161tite ljudskih \u017eivota i prirode ne\u0107e biti iskopavanja litujuma u Zapadnoj Srbiji, u okolini Loznice.<\/p>\n","protected":false},"excerpt":{"rendered":"<p>Na Samitu o kriti\u010dnim sirovinama, koji se odr\u017eava u Beogradu, njema\u010dki kancelar Olaf \u0160olc je izjavio da je dana\u0161nje potpisivanje Memoranduma o razumijevanju izme\u0111u EU i Srbije o strate\u0161kom partnerstvu o odr\u017eivim sirovinama, lancima proizvodnje baterija i elektri\u010dnim vozilima &#8220;va\u017ean trenutak&#8221;<\/p>\n","protected":false},"author":1,"featured_media":326956,"comment_status":"open","ping_status":"closed","sticky":false,"template":"","format":"standard","meta":{"_seopress_robots_primary_cat":"none","_seopress_titles_title":"","_seopress_titles_desc":"","_seopress_robots_index":"","_et_pb_use_builder":"","_et_pb_old_content":"","_et_gb_content_width":"","inline_featured_image":false,"footnotes":""},"categories":[14],"tags":[],"class_list":["post-407638","post","type-post","status-publish","format-standard","has-post-thumbnail","hentry","category-vijesti"],"_links":{"self":[{"href":"https:\/\/www.pcnen.com\/portal\/wp-json\/wp\/v2\/posts\/407638","targetHints":{"allow":["GET"]}}],"collection":[{"href":"https:\/\/www.pcnen.com\/portal\/wp-json\/wp\/v2\/posts"}],"about":[{"href":"https:\/\/www.pcnen.com\/portal\/wp-json\/wp\/v2\/types\/post"}],"author":[{"embeddable":true,"href":"https:\/\/www.pcnen.com\/portal\/wp-json\/wp\/v2\/users\/1"}],"replies":[{"embeddable":true,"href":"https:\/\/www.pcnen.com\/portal\/wp-json\/wp\/v2\/comments?post=407638"}],"version-history":[{"count":4,"href":"https:\/\/www.pcnen.com\/portal\/wp-json\/wp\/v2\/posts\/407638\/revisions"}],"predecessor-version":[{"id":407644,"href":"https:\/\/www.pcnen.com\/portal\/wp-json\/wp\/v2\/posts\/407638\/revisions\/407644"}],"wp:featuredmedia":[{"embeddable":true,"href":"https:\/\/www.pcnen.com\/portal\/wp-json\/wp\/v2\/media\/326956"}],"wp:attachment":[{"href":"https:\/\/www.pcnen.com\/portal\/wp-json\/wp\/v2\/media?parent=407638"}],"wp:term":[{"taxonomy":"category","embeddable":true,"href":"https:\/\/www.pcnen.com\/portal\/wp-json\/wp\/v2\/categories?post=407638"},{"taxonomy":"post_tag","embeddable":true,"href":"https:\/\/www.pcnen.com\/portal\/wp-json\/wp\/v2\/tags?post=407638"}],"curies":[{"name":"wp","href":"https:\/\/api.w.org\/{rel}","templated":true}]}}