{"id":407617,"date":"2024-07-19T11:48:19","date_gmt":"2024-07-19T09:48:19","guid":{"rendered":"https:\/\/www.pcnen.com\/portal\/?p=407617"},"modified":"2024-07-19T11:48:19","modified_gmt":"2024-07-19T09:48:19","slug":"spahovic-paradoksalno-je-da-srpski-antikomunisti-podrzavaju-kgb-spijuna-putina-video","status":"publish","type":"post","link":"https:\/\/www.pcnen.com\/portal\/2024\/07\/19\/spahovic-paradoksalno-je-da-srpski-antikomunisti-podrzavaju-kgb-spijuna-putina-video\/","title":{"rendered":"Spahovi\u0107: Paradoksalno je da srpski antikomunisti podr\u017eavaju KGB \u0161pijuna Putina (video)"},"content":{"rendered":"<p>U prvoj epizodi Radar Foruma u kojoj je izaziva\u010d Sead Spahovi\u0107, ugledni beogradski advokat, gost je bio Vladimir Gaji\u0107, pravnik i predsJednik Nardone stranke.<\/p>\n<p>Gaji\u0107 je istakao da poslijeratni nacionalisti nisu \u201eistinski nacionalisti\u201c, odnosno da sebe ne mo\u017ee svrstati u, kako ka\u017ee, komunisti\u010dke nacionaliste.<\/p>\n<p>\u201eSve \u0161to si rekao potpisao bi Dobrica \u0106osi\u0107 da ustane iz groba, i Dobrica \u0106osi\u0107 i \u0160e\u0161elj. Ta tvoja romanti\u010dna pri\u010da o toj Srbiji, koja je velika, koju su uni\u0161tili komunisti, to je jedna pri\u010da koju su pri\u010dali i \u0160e\u0161elj i \u0106osi\u0107 i ovi njihovi dana\u0161nji sledbenici\u201c, rekao je Spahovi\u0107.<\/p>\n<p><iframe loading=\"lazy\" title=\"YouTube video player\" src=\"https:\/\/www.youtube.com\/embed\/7eyIcLaOQ9s?si=UlCs8qmNHuvcwU-a\" width=\"560\" height=\"315\" frameborder=\"0\" allowfullscreen=\"allowfullscreen\"><\/iframe><\/p>\n<p>&nbsp;<\/p>\n","protected":false},"excerpt":{"rendered":"<p>U prvoj epizodi Radar Foruma u kojoj je izaziva\u010d Sead Spahovi\u0107, ugledni beogradski advokat, gost je bio Vladimir Gaji\u0107, pravnik i predsJednik Nardone stranke. Gaji\u0107 je istakao da poslijeratni nacionalisti nisu \u201eistinski nacionalisti\u201c, odnosno da sebe ne mo\u017ee svrstati u, kako ka\u017ee, komunisti\u010dke nacionaliste. \u201eSve \u0161to si rekao potpisao bi Dobrica \u0106osi\u0107 da ustane iz [&hellip;]<\/p>\n","protected":false},"author":1,"featured_media":0,"comment_status":"open","ping_status":"closed","sticky":false,"template":"","format":"standard","meta":{"_seopress_robots_primary_cat":"none","_seopress_titles_title":"","_seopress_titles_desc":"","_seopress_robots_index":"","_et_pb_use_builder":"","_et_pb_old_content":"","_et_gb_content_width":"","inline_featured_image":false,"footnotes":""},"categories":[14],"tags":[],"class_list":["post-407617","post","type-post","status-publish","format-standard","hentry","category-vijesti"],"_links":{"self":[{"href":"https:\/\/www.pcnen.com\/portal\/wp-json\/wp\/v2\/posts\/407617","targetHints":{"allow":["GET"]}}],"collection":[{"href":"https:\/\/www.pcnen.com\/portal\/wp-json\/wp\/v2\/posts"}],"about":[{"href":"https:\/\/www.pcnen.com\/portal\/wp-json\/wp\/v2\/types\/post"}],"author":[{"embeddable":true,"href":"https:\/\/www.pcnen.com\/portal\/wp-json\/wp\/v2\/users\/1"}],"replies":[{"embeddable":true,"href":"https:\/\/www.pcnen.com\/portal\/wp-json\/wp\/v2\/comments?post=407617"}],"version-history":[{"count":1,"href":"https:\/\/www.pcnen.com\/portal\/wp-json\/wp\/v2\/posts\/407617\/revisions"}],"predecessor-version":[{"id":407621,"href":"https:\/\/www.pcnen.com\/portal\/wp-json\/wp\/v2\/posts\/407617\/revisions\/407621"}],"wp:attachment":[{"href":"https:\/\/www.pcnen.com\/portal\/wp-json\/wp\/v2\/media?parent=407617"}],"wp:term":[{"taxonomy":"category","embeddable":true,"href":"https:\/\/www.pcnen.com\/portal\/wp-json\/wp\/v2\/categories?post=407617"},{"taxonomy":"post_tag","embeddable":true,"href":"https:\/\/www.pcnen.com\/portal\/wp-json\/wp\/v2\/tags?post=407617"}],"curies":[{"name":"wp","href":"https:\/\/api.w.org\/{rel}","templated":true}]}}