{"id":407563,"date":"2024-07-18T20:43:27","date_gmt":"2024-07-18T18:43:27","guid":{"rendered":"https:\/\/www.pcnen.com\/portal\/?p=407563"},"modified":"2024-07-18T20:43:40","modified_gmt":"2024-07-18T18:43:40","slug":"najvisa-dnevna-temperatura-od-26-do-39-stepeni","status":"publish","type":"post","link":"https:\/\/www.pcnen.com\/portal\/2024\/07\/18\/najvisa-dnevna-temperatura-od-26-do-39-stepeni\/","title":{"rendered":"Najvi\u0161a dnevna temperatura od 26 do 39 stepeni"},"content":{"rendered":"<p>Prete\u017eno sun\u010dano i veoma toplo bi\u0107e u petak u Crnoj Gori, zvani\u010dna je prognoza.<\/p>\n<p>Tokom dana u kontinentalnim predjelima do\u0107i \u0107e do umjerenog do poja\u010danog razvoja obla\u010dnosti, ponegdje uz ki\u0161u ili pljusak sa grmljavinom, uglavnom u sjevernim i centralnim predjelima zemlje.<\/p>\n<p>Vjetar promjenljivog smjera bi\u0107e slab do umjeren.<\/p>\n<p>Jutarnja temperatura vazduha bi\u0107e u rasponu od 12 do 26, a najvi\u0161a dnevna od 26 do 39 stepeni.<\/p>\n<p>U Podgorici \u0107e biti sun\u010dano i veoma toplo, s tim \u0161to \u0107e popodne do\u0107i do umjeren razvoja obla\u010dnosti, ali sa malim izgledima za prolaznu ki\u0161u.<\/p>\n<p>Slab do umjeren vjetar \u0107e mijenjati smjer.<\/p>\n<p>Jutarnja temperatura vazduha bi\u0107e oko 26, a najvi\u0161a dnevna do 39 stepeni.<\/p>\n","protected":false},"excerpt":{"rendered":"<p>Prete\u017eno sun\u010dano i veoma toplo bi\u0107e u petak u Crnoj Gori, zvani\u010dna je prognoza<\/p>\n","protected":false},"author":1,"featured_media":407566,"comment_status":"open","ping_status":"closed","sticky":false,"template":"","format":"standard","meta":{"_seopress_robots_primary_cat":"none","_seopress_titles_title":"","_seopress_titles_desc":"","_seopress_robots_index":"","_et_pb_use_builder":"","_et_pb_old_content":"","_et_gb_content_width":"","inline_featured_image":false,"footnotes":""},"categories":[14],"tags":[],"class_list":["post-407563","post","type-post","status-publish","format-standard","has-post-thumbnail","hentry","category-vijesti"],"_links":{"self":[{"href":"https:\/\/www.pcnen.com\/portal\/wp-json\/wp\/v2\/posts\/407563","targetHints":{"allow":["GET"]}}],"collection":[{"href":"https:\/\/www.pcnen.com\/portal\/wp-json\/wp\/v2\/posts"}],"about":[{"href":"https:\/\/www.pcnen.com\/portal\/wp-json\/wp\/v2\/types\/post"}],"author":[{"embeddable":true,"href":"https:\/\/www.pcnen.com\/portal\/wp-json\/wp\/v2\/users\/1"}],"replies":[{"embeddable":true,"href":"https:\/\/www.pcnen.com\/portal\/wp-json\/wp\/v2\/comments?post=407563"}],"version-history":[{"count":2,"href":"https:\/\/www.pcnen.com\/portal\/wp-json\/wp\/v2\/posts\/407563\/revisions"}],"predecessor-version":[{"id":407568,"href":"https:\/\/www.pcnen.com\/portal\/wp-json\/wp\/v2\/posts\/407563\/revisions\/407568"}],"wp:featuredmedia":[{"embeddable":true,"href":"https:\/\/www.pcnen.com\/portal\/wp-json\/wp\/v2\/media\/407566"}],"wp:attachment":[{"href":"https:\/\/www.pcnen.com\/portal\/wp-json\/wp\/v2\/media?parent=407563"}],"wp:term":[{"taxonomy":"category","embeddable":true,"href":"https:\/\/www.pcnen.com\/portal\/wp-json\/wp\/v2\/categories?post=407563"},{"taxonomy":"post_tag","embeddable":true,"href":"https:\/\/www.pcnen.com\/portal\/wp-json\/wp\/v2\/tags?post=407563"}],"curies":[{"name":"wp","href":"https:\/\/api.w.org\/{rel}","templated":true}]}}