{"id":407549,"date":"2024-07-18T14:36:39","date_gmt":"2024-07-18T12:36:39","guid":{"rendered":"https:\/\/www.pcnen.com\/portal\/?p=407549"},"modified":"2024-07-18T15:58:00","modified_gmt":"2024-07-18T13:58:00","slug":"veselinu-veljovicu-ukinut-pritvor","status":"publish","type":"post","link":"https:\/\/www.pcnen.com\/portal\/2024\/07\/18\/veselinu-veljovicu-ukinut-pritvor\/","title":{"rendered":"Veselinu Veljovi\u0107u ukinut pritvor"},"content":{"rendered":"<p>Vije\u0107e sutkinje Vi\u0161eg suda Vesne Kova\u010devi\u0107 donijelo je odluku da se biv\u0161em direktoru Uprave policije Veselinu Veljovi\u0107u ukine pritvor. Izre\u010dena mu je mjera obaveznog boravka u stanu.<\/p>\n<p>Odluka je,<a href=\"https:\/\/www.vijesti.me\/vijesti\/crna-hronika\/716357\/veljovicu-ukinut-pritvor\"> kako prenose Vijesti,<\/a> donijeta na osnovu mi\u0161ljenja ljekara vje\u0161tak medicinske struke dr Nemanje Radojevi\u0107a koji je pregledao Veljovi\u0107a.<\/p>\n<p>Nekada\u0161nji direktor Uprave policije uhap\u0161en je 24. jula 2023. godine zbog sumnje da je odao slu\u017ebenu tajnu.<\/p>\n<p>SDT vjeruje da je Veljovi\u0107 bio \u010dlan kriminalne grupe odbjeglog Aleksandra Mrki\u0107a, koja je okrivljena za \u0161verc velikih koli\u010dina cigareta.<\/p>\n<p>Tokom boravka u pritvoru Veljovi\u0107 je imao ozbiljne zdravstvene probleme zbog \u010dega se u dva navrata i bolni\u010dki lije\u010dio.<\/p>\n<p>Advokat Nikola Martinovi\u0107 kazao je da su \u201cispunjeni procesni i humani razlozi da se Veljovi\u0107u ukine pritvor\u201d.<\/p>\n<p>\u201cDostavio sam dokaze koji datiraju 5-6 godina unazad, radi se o istoriji bolesti Veselina Veljovi\u0107a. On ne smije boraviti u uslovima u kojima boravi jer mu je \u017eivot ugro\u017een do stepeni smrtnog ishoda\u201d, kazao je Martinovi\u0107.<\/p>\n<p>Tu\u017eila\u0161tvo Veljovi\u0107a tereti da je povjerljivim informacijama pomagao \u0161efu kriminalne organizacije Aleksandru Mrki\u0107u da \u0161vercuje cigarete.<\/p>\n<p>Optu\u017enica je podignuta protiv Aleksandra Mrki\u0107a, Veselina Veljovi\u0107a, Arsenija Kalezi\u0107a, Muja Niko\u010devi\u0107a, Nikole Mrki\u0107a, \u017deljka Bulatovi\u0107a, Du\u0161ice Bulatovi\u0107, Predraga Velji\u0107a, Borislava Le\u010di\u0107a, Nemanje An\u0111elkovi\u0107a, Gorana Glu\u0161\u010devi\u0107a, Nikole Ba\u010dilovi\u0107a, Sadiga Elnagara, Nikole Bubanje i Stefana Bubanje.<\/p>\n<p>Na dana\u0161njem ro\u010di\u0161tu advokati su tra\u017eili ukidanje pritvora za sve optu\u017eene.<\/p>\n<p>Na pretres se nije pojavio optu\u017eeni Nikola Bubanja ni njegov advokat, a sudije su objasnile da im je prethodno dostavljena medicinska dokumentacija prema kojem zdravstveno stanje tog optu\u017eenog nije bilo dovoljno dobro da se pojavi pred sudom.<\/p>\n<p>Specijalni dr\u017eavni tu\u017eilac, Vukas Radonji\u0107 na to je odgovorio da \u201ctu\u017eila\u0161tvo smatra da je bio u stanju da prisustvuje, na bazi medicinske dokumentacije, pa smatraju da sud mora prinudno dovesti osu\u0111enog\u201d.<\/p>\n<p>Vije\u0107e sudija kojim predsjedava Kova\u010devi\u0107, nalo\u017eilo je da se u narednih 15 dana iz materijala dostavljenog sudu i prepiski izdvoje djelovi koji se ti\u010du optu\u017eenih.<\/p>\n<blockquote class=\"wp-embedded-content\" data-secret=\"10QbatU727\"><p><a href=\"https:\/\/www.pcnen.com\/portal\/2024\/07\/18\/u-13h-ce-se-znati-ukida-li-se-pritvor-veljovicu\/\">U 13h \u0107e se znati ukida li se pritvor Veljovi\u0107u<\/a><\/p><\/blockquote>\n<p><iframe loading=\"lazy\" class=\"wp-embedded-content\" sandbox=\"allow-scripts\" security=\"restricted\" style=\"position: absolute; clip: rect(1px, 1px, 1px, 1px);\" title=\"&#8220;U 13h \u0107e se znati ukida li se pritvor Veljovi\u0107u&#8221; &#8212; PCNEN\" src=\"https:\/\/www.pcnen.com\/portal\/2024\/07\/18\/u-13h-ce-se-znati-ukida-li-se-pritvor-veljovicu\/embed\/#?secret=p2JCsZyXdv#?secret=10QbatU727\" data-secret=\"10QbatU727\" width=\"600\" height=\"338\" frameborder=\"0\" marginwidth=\"0\" marginheight=\"0\" scrolling=\"no\"><\/iframe><\/p>\n<blockquote class=\"wp-embedded-content\" data-secret=\"rtJylg8bbL\"><p><a href=\"https:\/\/www.pcnen.com\/portal\/\">Po\u010detna<\/a><\/p><\/blockquote>\n<p><iframe loading=\"lazy\" class=\"wp-embedded-content\" sandbox=\"allow-scripts\" security=\"restricted\" style=\"position: absolute; clip: rect(1px, 1px, 1px, 1px);\" title=\"&#8220;Po\u010detna&#8221; &#8212; PCNEN\" src=\"https:\/\/www.pcnen.com\/portal\/embed\/#?secret=AKVbGT13xk#?secret=rtJylg8bbL\" data-secret=\"rtJylg8bbL\" width=\"600\" height=\"338\" frameborder=\"0\" marginwidth=\"0\" marginheight=\"0\" scrolling=\"no\"><\/iframe><\/p>\n","protected":false},"excerpt":{"rendered":"<p>Vije\u0107e sutkinje Vi\u0161eg suda Vesne Kova\u010devi\u0107 donijelo je odluku da se biv\u0161em direktoru Uprave policije Veselinu Veljovi\u0107u ukine pritvor.<\/p>\n","protected":false},"author":1,"featured_media":293620,"comment_status":"open","ping_status":"closed","sticky":false,"template":"","format":"standard","meta":{"_seopress_robots_primary_cat":"none","_seopress_titles_title":"","_seopress_titles_desc":"","_seopress_robots_index":"","_et_pb_use_builder":"","_et_pb_old_content":"","_et_gb_content_width":"","inline_featured_image":false,"footnotes":""},"categories":[14],"tags":[],"class_list":["post-407549","post","type-post","status-publish","format-standard","has-post-thumbnail","hentry","category-vijesti"],"_links":{"self":[{"href":"https:\/\/www.pcnen.com\/portal\/wp-json\/wp\/v2\/posts\/407549","targetHints":{"allow":["GET"]}}],"collection":[{"href":"https:\/\/www.pcnen.com\/portal\/wp-json\/wp\/v2\/posts"}],"about":[{"href":"https:\/\/www.pcnen.com\/portal\/wp-json\/wp\/v2\/types\/post"}],"author":[{"embeddable":true,"href":"https:\/\/www.pcnen.com\/portal\/wp-json\/wp\/v2\/users\/1"}],"replies":[{"embeddable":true,"href":"https:\/\/www.pcnen.com\/portal\/wp-json\/wp\/v2\/comments?post=407549"}],"version-history":[{"count":5,"href":"https:\/\/www.pcnen.com\/portal\/wp-json\/wp\/v2\/posts\/407549\/revisions"}],"predecessor-version":[{"id":407556,"href":"https:\/\/www.pcnen.com\/portal\/wp-json\/wp\/v2\/posts\/407549\/revisions\/407556"}],"wp:featuredmedia":[{"embeddable":true,"href":"https:\/\/www.pcnen.com\/portal\/wp-json\/wp\/v2\/media\/293620"}],"wp:attachment":[{"href":"https:\/\/www.pcnen.com\/portal\/wp-json\/wp\/v2\/media?parent=407549"}],"wp:term":[{"taxonomy":"category","embeddable":true,"href":"https:\/\/www.pcnen.com\/portal\/wp-json\/wp\/v2\/categories?post=407549"},{"taxonomy":"post_tag","embeddable":true,"href":"https:\/\/www.pcnen.com\/portal\/wp-json\/wp\/v2\/tags?post=407549"}],"curies":[{"name":"wp","href":"https:\/\/api.w.org\/{rel}","templated":true}]}}