{"id":407545,"date":"2024-07-18T14:31:40","date_gmt":"2024-07-18T12:31:40","guid":{"rendered":"https:\/\/www.pcnen.com\/portal\/?p=407545"},"modified":"2024-07-18T14:31:40","modified_gmt":"2024-07-18T12:31:40","slug":"ursula-fon-der-lajen-ponovo-na-celu-evropske-komisije","status":"publish","type":"post","link":"https:\/\/www.pcnen.com\/portal\/2024\/07\/18\/ursula-fon-der-lajen-ponovo-na-celu-evropske-komisije\/","title":{"rendered":"Ursula fon der Lajen ponovo na \u010delu Evropske komisije"},"content":{"rendered":"<p>Ursula fon der Lajen je izglasana za predsjednicu Evropske komisije, ulaze\u0107i u novi petogodi\u0161nji mandat.<\/p>\n<p>Za Ursulu fon der Lajen je glasalo 401, protiv je bilo 284, dok je uzdr\u017eano bilo 15 poslanika. Nije glasalo sedam poslanika.<\/p>\n<p>Glasalo je 707 poslanika.<\/p>\n<p>Ovo je drugi petogodi\u0161nji mandat na \u010delu Evropske komisije njema\u010dke politi\u010darke i doktorice.<\/p>\n<p>Ona je u svom govoru ranije tokom dana kao svoje ciljeve navela pro\u0161irenje EU.<\/p>\n<p>U obra\u0107anju poslanicima Evropskog parlamenta, Fon der Lajen je rekla da \u0107e EU podr\u017eati zemlje kandidate za \u010dlanstvo tako \u0161to \u0107e raditi na investicijama i reformama i integrisati ih \u201cgdje god mo\u017ee\u201d u evropske zakonodavne okvire.<\/p>\n<p>\u201ePristupanje c\u0301e uvek biti proces zasnovan na zaslugama. I obezbjedic\u0301emo da sve zemlje budu spremne prije pridru\u017eivanja\u201c, rekla je predsjednica EK.<\/p>\n<p>Kompletiranje Unije tako\u0111e je u njenom su\u0161tinskom interesu, istakla je Fon der Lajen i dodala da c\u0301e biti klju\u010dni prioritet njene Komisije.<\/p>\n<p>Ona je dodala da su Zapadni Balkan, Ukrajina, Moldavija i Gruzija napravili svoj slobodan izbor i da zato EU mora pokazati \u010dvrstu posve\u0107enost.<\/p>\n<blockquote class=\"wp-embedded-content\" data-secret=\"MS4ONY3B3z\"><p><a href=\"https:\/\/www.pcnen.com\/portal\/2024\/07\/18\/ep-odlucuje-da-li-ce-fon-der-lajen-dobiti-drugi-mandat-na-celu-komisije\/\">EP odlu\u010duje da li \u0107e Fon der Lajen dobiti drugi mandat na \u010delu Komisije<\/a><\/p><\/blockquote>\n<p><iframe loading=\"lazy\" class=\"wp-embedded-content\" sandbox=\"allow-scripts\" security=\"restricted\" style=\"position: absolute; clip: rect(1px, 1px, 1px, 1px);\" title=\"&#8220;EP odlu\u010duje da li \u0107e Fon der Lajen dobiti drugi mandat na \u010delu Komisije&#8221; &#8212; PCNEN\" src=\"https:\/\/www.pcnen.com\/portal\/2024\/07\/18\/ep-odlucuje-da-li-ce-fon-der-lajen-dobiti-drugi-mandat-na-celu-komisije\/embed\/#?secret=CacqPjNDem#?secret=MS4ONY3B3z\" data-secret=\"MS4ONY3B3z\" width=\"600\" height=\"338\" frameborder=\"0\" marginwidth=\"0\" marginheight=\"0\" scrolling=\"no\"><\/iframe><\/p>\n","protected":false},"excerpt":{"rendered":"<p>Ursula fon der Lajen je izglasana za predsjednicu Evropske komisije, ulaze\u0107i u novi petogodi\u0161nji mandat.<\/p>\n","protected":false},"author":1,"featured_media":0,"comment_status":"open","ping_status":"closed","sticky":false,"template":"","format":"standard","meta":{"_seopress_robots_primary_cat":"none","_seopress_titles_title":"","_seopress_titles_desc":"","_seopress_robots_index":"","_et_pb_use_builder":"","_et_pb_old_content":"","_et_gb_content_width":"","inline_featured_image":false,"footnotes":""},"categories":[14],"tags":[],"class_list":["post-407545","post","type-post","status-publish","format-standard","hentry","category-vijesti"],"_links":{"self":[{"href":"https:\/\/www.pcnen.com\/portal\/wp-json\/wp\/v2\/posts\/407545","targetHints":{"allow":["GET"]}}],"collection":[{"href":"https:\/\/www.pcnen.com\/portal\/wp-json\/wp\/v2\/posts"}],"about":[{"href":"https:\/\/www.pcnen.com\/portal\/wp-json\/wp\/v2\/types\/post"}],"author":[{"embeddable":true,"href":"https:\/\/www.pcnen.com\/portal\/wp-json\/wp\/v2\/users\/1"}],"replies":[{"embeddable":true,"href":"https:\/\/www.pcnen.com\/portal\/wp-json\/wp\/v2\/comments?post=407545"}],"version-history":[{"count":1,"href":"https:\/\/www.pcnen.com\/portal\/wp-json\/wp\/v2\/posts\/407545\/revisions"}],"predecessor-version":[{"id":407548,"href":"https:\/\/www.pcnen.com\/portal\/wp-json\/wp\/v2\/posts\/407545\/revisions\/407548"}],"wp:attachment":[{"href":"https:\/\/www.pcnen.com\/portal\/wp-json\/wp\/v2\/media?parent=407545"}],"wp:term":[{"taxonomy":"category","embeddable":true,"href":"https:\/\/www.pcnen.com\/portal\/wp-json\/wp\/v2\/categories?post=407545"},{"taxonomy":"post_tag","embeddable":true,"href":"https:\/\/www.pcnen.com\/portal\/wp-json\/wp\/v2\/tags?post=407545"}],"curies":[{"name":"wp","href":"https:\/\/api.w.org\/{rel}","templated":true}]}}