{"id":407539,"date":"2024-07-19T14:00:19","date_gmt":"2024-07-19T12:00:19","guid":{"rendered":"https:\/\/www.pcnen.com\/portal\/?p=407539"},"modified":"2024-07-19T13:54:08","modified_gmt":"2024-07-19T11:54:08","slug":"premijerski-sat-u-skupstini-spajic-odgovara-na-poslanicka-pitanja-uzivo","status":"publish","type":"post","link":"https:\/\/www.pcnen.com\/portal\/2024\/07\/19\/premijerski-sat-u-skupstini-spajic-odgovara-na-poslanicka-pitanja-uzivo\/","title":{"rendered":"Premijerski sat u Skup\u0161tini: Spaji\u0107 odgovara na poslani\u010dka pitanja (u\u017eivo)"},"content":{"rendered":"<p>Premijer Milojko Spaji\u0107 dobio je deset pitanja, me\u0111u kojima je i ono koje mu je postavio biv\u0161i premijer Dritan Abazovi\u0107 &#8211; da li on stoji iza organizovanih napada na \u0161efa Specijalnog policijskog odjeljenja Predraga \u0160ukovi\u0107a i glavnog specijalnog tu\u017eioca Vladimira Novovi\u0107a.<\/p>\n<p>.<iframe loading=\"lazy\" title=\"YouTube video player\" src=\"https:\/\/www.youtube.com\/embed\/T0e1RXwkdgM?si=b4xUsqd2P_nRxm1A\" width=\"560\" height=\"315\" frameborder=\"0\" allowfullscreen=\"allowfullscreen\"><\/iframe><\/p>\n<p>Poslanik Socijaldemokrata Nikola Zirojevi\u0107 pita\u0107e Spaji\u0107a kako komentari\u0161e izjave predsjednika Skup\u0161tine Andrije Mandi\u0107a kojima je inicirao izgradnju kapele na Lov\u0107enu, a koje, kako je naveo, duboko dijele crnogorsko dru\u0161tvo i potencijaino mogu dovesti do ozbiljnog pogor\u0161anja me\u0111uvjerskih i me\u0111unacionalnih odnosa u Crnoj Gori.<\/p>\n<p>Lidera Hrvatske gra\u0111anske inicijative Adrijana Vuksanovi\u0107a interesuje kako Spaji\u0107 ocjenjuje odnose odnose Crne Gore i Hrvatske za vrijeme svog mandata.<\/p>\n<p>Predsjednik Gra\u0111anskog pokreta URA Dritan Abazovi\u0107 pita\u0107e Spaji\u0107a da li on stoji iza organizovanih napada na \u0161efa Specijalnog policijskog odjeljenja Predraga \u0160ukovi\u0107a i glavnog specijalnog tu\u017eioca Vladimira Novovi\u0107a, kako to implicira ministar pravde Andrej Milovi\u0107.<\/p>\n<p>Poslanik Demokratske narodne partije Milun Zogovi\u0107 pita\u0107e Spaji\u0107a da li je zadovoljan dosada\u0161njom dinamikom sprovo\u0111enja programa Evropa sad 2 i koji je krajnji rok za implementaciju svih mjera iz programa, prenosi Mina.<\/p>\n<p>\u0160efa Kluba poslanika Demokrata Borisa Bogdanovi\u0107a interesuje da li je, prema mi\u0161ljenju Spaji\u0107a, hap\u0161enje i procesuiranje osumnji\u010denih i optu\u017eenih za izvr\u0161enje najte\u017eih krivi\u010dnih djela iz oblasti organizovanog kriminala i korupcije, revan\u0161izam prema izabranim, imenovanim ili na druge na\u010dine anga\u017eovanim osobama u sistemu javne uprave.<\/p>\n<p>Poslanik i lider Demokratske partije socijalista Danijel \u017divkovi\u0107 pita\u0107e Spaji\u0107a da li misli da \u0107e Crna Gora biti u mogu\u0107nosti da krajem godine zapo\u010dne proceduru zatvaranja pregovara\u010dkih poglavlja.<\/p>\n<p>Predsjednika Kluba poslanika Pokreta Evropa sad Vasilija \u010carapi\u0107a interesuje kakva je Spaji\u0107eva vizija strate\u0161kog razvoja Crne Gore i na koji na\u010din bi Razvojna banka Crne Gore podr\u017eala budu\u0107e strate\u0161ke infrastrukturne i razvojne projekte u dr\u017eavi.<\/p>\n<p>Poslanica Posebnog kluba Jevrosima Pejovi\u0107 pita\u0107e Spaji\u0107a da li \u0107e Agenciji za spre\u010davanje korupcije dostaviti sve transakcije iz svojih brojnih kriptonovcanika od kada je javni funkcioner.<\/p>\n<p>Poslanicu Socijalisti\u010dke narodne partije Sla\u0111anu Kalu\u0111erovi\u0107 interesuje koji \u0107e dalji koraci biti preduzeti u pravcu mijenjanja politike zastite konkurencije, kako bi se sprije\u010dila zloupotreba mo\u0107i koja donosi ogromnu dobit pojedincima, a \u0161teti ekonomskom ambijentu i privrednom rastu dr\u017eave i direktno poga\u0111a d\u017eepove gra\u0111ana.<\/p>\n<p>Lider Bo\u0161nja\u010dke stranke Ervin Ibrahimovi\u0107 pita\u0107e Spaji\u0107a kada \u0107e sa Njema\u010dkom biti potpisan sporazum o priznavanju voza\u010dkih dozvola iz Crne Gore, dok poslanika Nove srpske demokratije Marka Kova\u010devi\u0107a interesuje da li je Vlada spremna da u\u010destvuje u realizaciji projekta \u201cSun\u010dani grad\u201d u Nik\u0161i\u0107u.<\/p>\n","protected":false},"excerpt":{"rendered":"<p>Premijer Milojko Spaji\u0107 dobio je deset pitanja, me\u0111u kojima je i ono koje mu je postavio biv\u0161i premijer Dritan Abazovi\u0107 &#8211; da li on stoji iza organizovanih napada na \u0161efa Specijalnog policijskog odjeljenja Predraga \u0160ukovi\u0107a i glavnog specijalnog tu\u017eioca Vladimira Novovi\u0107a<\/p>\n","protected":false},"author":1,"featured_media":389588,"comment_status":"open","ping_status":"closed","sticky":false,"template":"","format":"standard","meta":{"_seopress_robots_primary_cat":"none","_seopress_titles_title":"","_seopress_titles_desc":"","_seopress_robots_index":"","_et_pb_use_builder":"","_et_pb_old_content":"","_et_gb_content_width":"","inline_featured_image":false,"footnotes":""},"categories":[14],"tags":[],"class_list":["post-407539","post","type-post","status-publish","format-standard","has-post-thumbnail","hentry","category-vijesti"],"_links":{"self":[{"href":"https:\/\/www.pcnen.com\/portal\/wp-json\/wp\/v2\/posts\/407539","targetHints":{"allow":["GET"]}}],"collection":[{"href":"https:\/\/www.pcnen.com\/portal\/wp-json\/wp\/v2\/posts"}],"about":[{"href":"https:\/\/www.pcnen.com\/portal\/wp-json\/wp\/v2\/types\/post"}],"author":[{"embeddable":true,"href":"https:\/\/www.pcnen.com\/portal\/wp-json\/wp\/v2\/users\/1"}],"replies":[{"embeddable":true,"href":"https:\/\/www.pcnen.com\/portal\/wp-json\/wp\/v2\/comments?post=407539"}],"version-history":[{"count":5,"href":"https:\/\/www.pcnen.com\/portal\/wp-json\/wp\/v2\/posts\/407539\/revisions"}],"predecessor-version":[{"id":407648,"href":"https:\/\/www.pcnen.com\/portal\/wp-json\/wp\/v2\/posts\/407539\/revisions\/407648"}],"wp:featuredmedia":[{"embeddable":true,"href":"https:\/\/www.pcnen.com\/portal\/wp-json\/wp\/v2\/media\/389588"}],"wp:attachment":[{"href":"https:\/\/www.pcnen.com\/portal\/wp-json\/wp\/v2\/media?parent=407539"}],"wp:term":[{"taxonomy":"category","embeddable":true,"href":"https:\/\/www.pcnen.com\/portal\/wp-json\/wp\/v2\/categories?post=407539"},{"taxonomy":"post_tag","embeddable":true,"href":"https:\/\/www.pcnen.com\/portal\/wp-json\/wp\/v2\/tags?post=407539"}],"curies":[{"name":"wp","href":"https:\/\/api.w.org\/{rel}","templated":true}]}}