{"id":407532,"date":"2024-07-18T12:31:36","date_gmt":"2024-07-18T10:31:36","guid":{"rendered":"https:\/\/www.pcnen.com\/portal\/?p=407532"},"modified":"2024-07-18T12:36:12","modified_gmt":"2024-07-18T10:36:12","slug":"pocelo-predstavljanje-programa-evropa-sad-2","status":"publish","type":"post","link":"https:\/\/www.pcnen.com\/portal\/2024\/07\/18\/pocelo-predstavljanje-programa-evropa-sad-2\/","title":{"rendered":"Po\u010delo predstavljanje programa Evropa sad 2"},"content":{"rendered":"<p>U Vili Gorica je po\u010delo predstavljanje programa Evropa sad2.<\/p>\n<p>Premijer Milojko Spaji\u0107 najavio je da \u0107e prosje\u010dna zarada u Crnoj Gori uskoro biti 1.000 eura<\/p>\n<p>\u201eSmanjujemo prihode od doprinosa i nadokna\u0111ujemo raznim drugim mjerama. Minimalna zarada \u0107e u prosjeku da bude 700 evra\u201c, rekao je Spaji\u0107 na konferenciji za novinare na kojoj \u0107e biti prezentovana Fiskalna strategija za period 2024 \u2013 2026.<\/p>\n<p>\u201eFiskalnu strategiju predstavljamo u ime ne samo Vlade nego i cijele skup\u0161tinske ve\u0107ine. Prosje\u010dne zarade \u0107e uskoro biti 1.000 eura. Smanjujemo prihode od dopirnosa, a nadokna\u0111ujemo od doprinosa raznim drugim mjerama. Minimalna zarada bi\u0107e 700 eura\u201c, kazao je Spaji\u0107.<\/p>\n<p>Spaji\u0107 je naglasio da insistiraju na dijalogu i plan je da se doprinese da se niko ne osje\u0107a uskra\u0107eno.<\/p>\n<p>\u201eIz konstruktivnih kritika se mnogo nau\u010di. O\u010dekujemo konstruktivne kritike i danas\u201c, kazao je on.<\/p>\n<p>\u201eStope nezaposlenosti su jako visoke, posebno Andrijevica i Berane, u Podgorici i Kotoru i promorju su ispod pune zaposlenosti, koja se ra\u010duna oko 5,6 odsto. Ovdje mjere su bile odr\u017eive. Na sjeveru je minimalna zarada od 700 eura, veliki problem je posebno za male poslodavce, oni \u0107e mo\u0107i da lak\u0161e posluju sa minimalnom zaradom od 600 eura\u201c, poru\u010duje Spaji\u0107.<\/p>\n<p>Posebno je, istakao je Spaji\u0107, va\u017eno smanjenje poreskog optere\u0107enja na rad.<\/p>\n<p>\u201eSmanjenje poreskog optere\u0107enja na zarade kao glavnog fiksnog tro\u0161ka za poslodavca ostvaruje se kroz ni\u017ee doprinose za penzijsko i invalidsko osiguranje: Doprinosi za PIO na teret zaposlenog sa 15% na 10% . Doprinosi za PIO na teret poslodavca sa 5,5% na 0 odsto\u201c, kazao je on.<\/p>\n<p>\u201ePro\u0161la vlada nije htjela da primijeni Evropu sad jedan za penzionere, dok mi nijesmo u januaru izveli reformu i svi penzioneri su osjetili pove\u0107anje i benefite, Novo pove\u0107anje podrazumijeva pove\u0107anje od 7 do osam odsto, odnosno oko 50 do 60 eura, Ovim programom i fiskalnom strategijom, pokrivamo i trenutni i minuli rad, i zaposlene i penzionere\u201c, istakao je Spaji\u0107.<\/p>\n<p>Evropa sad 2, ka\u017ee Spaji\u0107, odnosi se na oko 300 hiljada zaposlenih u Crnoj Gori, koji \u0107e imati zna\u010dajno pove\u0107anje zarade.<br \/>\nKako je predstavljeno na konferenciji Vlade, nema pove\u0107anja osnovne stope PDV-a. Ona ostaje 21%. Nijedan cent reforme ne\u0107e biti finansiran iz zadu\u017eenja.<\/p>\n<p>Kada su u pitanju penziska davanja, plan su 7-8% ve\u0107e penzije od prvog kvartala 2025. usljed rasta prosje\u010dne zarade i projektovane stope inflacije za nivo sada\u0161nje prosje\u010dne penzije. Projektovani rast trenutne prosje\u010dne penzije je 50 eura.<\/p>\n<p>Kada je u pitanju standard gra\u0111ana, predvi\u0111a se rast zarada za sve zaposlene u Crnoj Gori. Rast minimalne i prosje\u010dne zarade. Rast penzija po osnovu uskla\u0111ivanja sa rastom prosje\u010dne zarade i rastom cijena.<\/p>\n<p>Ciljevi fiskalne strategije su unapre\u0111enje \u017eivotnog standarda gra\u0111ana, stvaranje podsticajnog poslovnog i investicionog ambijenta, makroekonomska i fiskalna stabilnost, sna\u017ean investicioni ciklus, izgradnja infrastrukture, ograni\u010davanje odliva kvalifikovane radne snage, rast zarada za sve zaposlene u Crnoj Gori, rast minimalne i prosje\u010dne zarade, rast penzija po osnovu uskla\u0111ivanja sa rastom prosje\u010dne zarade i rastom cijena.<\/p>\n<p>Posebno je va\u017eno smanjenje poreskog optere\u0107enja na rad. Smanjenje poreskog optere\u0107enja na zarade kao glavnog fiksnog tro\u0161ka za poslodavca ostvaruje se kroz ni\u017ee doprinose za penzijsko i invalidsko osiguranje: Doprinosi za PIO na teret zaposlenog sa 15% na 10%. Doprinosi za PIO na teret poslodavca sa 5,5% na 0%.<\/p>\n<p>Na\u010din obra\u010duna penzija ostaje nepromijenjen. Isplata penzija i dalje isklju\u010divo preko Fonda PIO (reforma ne podrazumijeva uvo\u0111enje Il penzionog stuba). Dodatno se unapre\u0111uje polo\u017eaj penzionera nakon ranijeg pove\u0107anja minimalne penzije na 450 eura. Rast penzija za 7-8% od 2025. godine. Sredstva za isplatu \u0107e se kompenzovati iz op\u0161tih prihoda bud\u017eeta i novih mjera poreske politike.<\/p>\n<p>Polazne osnove su: stabilne javne finansije i ekonomska kretanja u prva dva kvartala ove godine, suficit bud\u017eeta u periodu januar \u2013 maj, bud\u017eetski prihodi za januar \u2013 jun ve\u0107i od plana za 78 miliona eura ili 6,3% u odnosu na 2023. (bez jednokratnih prihoda) i prihodi ve\u0107i za 193 miliona eura ili 17,5 % .<\/p>\n<p>U prvom kvartalu realni ekonomski rast 4,4% BDP-a \u2013 jedan od najve\u0107ih u Evropi, Istorijski najni\u017ea stopa nezaposlenosti \u2013 11,9% u I kvartalu 2024. Nedostatak radne snage \u2013 posebno tokom perioda turisti\u010dke sezone. O\u010dekivano pristupanje EU 2028. godine i dodatni izazovi nedostatka kvalifikovane radne snage.<\/p>\n<p>&nbsp;<\/p>\n<blockquote class=\"wp-embedded-content\" data-secret=\"jWzxDiY2Cz\"><p><a href=\"https:\/\/www.pcnen.com\/portal\/2024\/07\/17\/vlada-sjutra-predstavlja-fiskalnu-strategiju-za-period-2024-2026\/\">Vlada sjutra predstavlja Fiskalnu strategiju za period 2024 &#8211; 2026<\/a><\/p><\/blockquote>\n<p><iframe loading=\"lazy\" class=\"wp-embedded-content\" sandbox=\"allow-scripts\" security=\"restricted\" style=\"position: absolute; clip: rect(1px, 1px, 1px, 1px);\" title=\"&#8220;Vlada sjutra predstavlja Fiskalnu strategiju za period 2024 &#8211; 2026&#8221; &#8212; PCNEN\" src=\"https:\/\/www.pcnen.com\/portal\/2024\/07\/17\/vlada-sjutra-predstavlja-fiskalnu-strategiju-za-period-2024-2026\/embed\/#?secret=cL3V80xx3X#?secret=jWzxDiY2Cz\" data-secret=\"jWzxDiY2Cz\" width=\"600\" height=\"338\" frameborder=\"0\" marginwidth=\"0\" marginheight=\"0\" scrolling=\"no\"><\/iframe><\/p>\n","protected":false},"excerpt":{"rendered":"<p>U Vili Gorica je po\u010delo predstavljanje programa Evropa sad2.<\/p>\n","protected":false},"author":1,"featured_media":407535,"comment_status":"open","ping_status":"closed","sticky":false,"template":"","format":"standard","meta":{"_seopress_robots_primary_cat":"none","_seopress_titles_title":"","_seopress_titles_desc":"","_seopress_robots_index":"","_et_pb_use_builder":"","_et_pb_old_content":"","_et_gb_content_width":"","inline_featured_image":false,"footnotes":""},"categories":[14],"tags":[],"class_list":["post-407532","post","type-post","status-publish","format-standard","has-post-thumbnail","hentry","category-vijesti"],"_links":{"self":[{"href":"https:\/\/www.pcnen.com\/portal\/wp-json\/wp\/v2\/posts\/407532","targetHints":{"allow":["GET"]}}],"collection":[{"href":"https:\/\/www.pcnen.com\/portal\/wp-json\/wp\/v2\/posts"}],"about":[{"href":"https:\/\/www.pcnen.com\/portal\/wp-json\/wp\/v2\/types\/post"}],"author":[{"embeddable":true,"href":"https:\/\/www.pcnen.com\/portal\/wp-json\/wp\/v2\/users\/1"}],"replies":[{"embeddable":true,"href":"https:\/\/www.pcnen.com\/portal\/wp-json\/wp\/v2\/comments?post=407532"}],"version-history":[{"count":3,"href":"https:\/\/www.pcnen.com\/portal\/wp-json\/wp\/v2\/posts\/407532\/revisions"}],"predecessor-version":[{"id":407538,"href":"https:\/\/www.pcnen.com\/portal\/wp-json\/wp\/v2\/posts\/407532\/revisions\/407538"}],"wp:featuredmedia":[{"embeddable":true,"href":"https:\/\/www.pcnen.com\/portal\/wp-json\/wp\/v2\/media\/407535"}],"wp:attachment":[{"href":"https:\/\/www.pcnen.com\/portal\/wp-json\/wp\/v2\/media?parent=407532"}],"wp:term":[{"taxonomy":"category","embeddable":true,"href":"https:\/\/www.pcnen.com\/portal\/wp-json\/wp\/v2\/categories?post=407532"},{"taxonomy":"post_tag","embeddable":true,"href":"https:\/\/www.pcnen.com\/portal\/wp-json\/wp\/v2\/tags?post=407532"}],"curies":[{"name":"wp","href":"https:\/\/api.w.org\/{rel}","templated":true}]}}