{"id":407526,"date":"2024-07-18T12:17:49","date_gmt":"2024-07-18T10:17:49","guid":{"rendered":"https:\/\/www.pcnen.com\/portal\/?p=407526"},"modified":"2024-07-18T13:21:47","modified_gmt":"2024-07-18T11:21:47","slug":"u-13h-ce-se-znati-ukida-li-se-pritvor-veljovicu","status":"publish","type":"post","link":"https:\/\/www.pcnen.com\/portal\/2024\/07\/18\/u-13h-ce-se-znati-ukida-li-se-pritvor-veljovicu\/","title":{"rendered":"U 13h \u0107e se znati ukida li se pritvor Veljovi\u0107u"},"content":{"rendered":"<p>Vje\u0161tak sudske medicine Nemanja Radojevi\u0107 izjasni\u0107e se o zdravstvenom stanju biv\u0161eg direktora Uprave policije, Veselina Veljovi\u0107a na osnovu medicinske dokumentacije iz spisa predmeta, saop\u0161teno je danas pred vije\u0107em Vi\u0161eg suda u postupku koji se vodi protiv Veljovi\u0107a pod optu\u017ebom za zloupotrebu slu\u017ebenog polo\u017eaja i stvaranje kriminalne organizacije.<\/p>\n<p>Odluka o tome da li \u0107e Veljovi\u0107u biti ukinut pritvor o\u010dekuje se u 13 sati, a zavisi\u0107e od mi\u0161ljenja vje\u0161taka.<\/p>\n<p>Pred podgori\u010dkim Vi\u0161im sudom danas odgodjeno je su\u0111enje protiv Aleksandra Mrki\u0107a, biv\u0161eg direktora Uprave policije Veselina Veljovi\u0107a i jo\u0161 13 osoba, koje se terete za krivi\u010dna djela stvaranje kriminalne organizacije, dva krivi\u010dna djela krijum\u010darenja, pranje novca i zloupotreba slu\u017ebenog polo\u017eaja.<\/p>\n<p>Advokati Veselina Veljovi\u0107a predlo\u017eili su sudu da se ukinje pritvor njihovom branjeniku, prvenstveno zbog njegovog zdravstvenog stanja.<\/p>\n<p><a href=\"https:\/\/www.pcnen.com\/portal\/?s=Veljovi%C4%87\">VEZANE VIJESTI<\/a><\/p>\n","protected":false},"excerpt":{"rendered":"<p>Vje\u0161tak sudske medicine Nemanja Radojevi\u0107 izjasni\u0107e se o zdravstvenom stanju biv\u0161eg direktora Uprave policije, Veselina Veljovi\u0107a na osnovu medicinske dokumentacije iz spisa predmeta, saop\u0161teno je danas pred vije\u0107em Vi\u0161eg suda u postupku koji se vodi protiv Veljovi\u0107a pod optu\u017ebom za zloupotrebu slu\u017ebenog polo\u017eaja i stvaranje kriminalne organizacije.<\/p>\n","protected":false},"author":1,"featured_media":374690,"comment_status":"open","ping_status":"closed","sticky":false,"template":"","format":"standard","meta":{"_seopress_robots_primary_cat":"none","_seopress_titles_title":"","_seopress_titles_desc":"","_seopress_robots_index":"","_et_pb_use_builder":"","_et_pb_old_content":"","_et_gb_content_width":"","inline_featured_image":false,"footnotes":""},"categories":[14],"tags":[],"class_list":["post-407526","post","type-post","status-publish","format-standard","has-post-thumbnail","hentry","category-vijesti"],"_links":{"self":[{"href":"https:\/\/www.pcnen.com\/portal\/wp-json\/wp\/v2\/posts\/407526","targetHints":{"allow":["GET"]}}],"collection":[{"href":"https:\/\/www.pcnen.com\/portal\/wp-json\/wp\/v2\/posts"}],"about":[{"href":"https:\/\/www.pcnen.com\/portal\/wp-json\/wp\/v2\/types\/post"}],"author":[{"embeddable":true,"href":"https:\/\/www.pcnen.com\/portal\/wp-json\/wp\/v2\/users\/1"}],"replies":[{"embeddable":true,"href":"https:\/\/www.pcnen.com\/portal\/wp-json\/wp\/v2\/comments?post=407526"}],"version-history":[{"count":4,"href":"https:\/\/www.pcnen.com\/portal\/wp-json\/wp\/v2\/posts\/407526\/revisions"}],"predecessor-version":[{"id":407544,"href":"https:\/\/www.pcnen.com\/portal\/wp-json\/wp\/v2\/posts\/407526\/revisions\/407544"}],"wp:featuredmedia":[{"embeddable":true,"href":"https:\/\/www.pcnen.com\/portal\/wp-json\/wp\/v2\/media\/374690"}],"wp:attachment":[{"href":"https:\/\/www.pcnen.com\/portal\/wp-json\/wp\/v2\/media?parent=407526"}],"wp:term":[{"taxonomy":"category","embeddable":true,"href":"https:\/\/www.pcnen.com\/portal\/wp-json\/wp\/v2\/categories?post=407526"},{"taxonomy":"post_tag","embeddable":true,"href":"https:\/\/www.pcnen.com\/portal\/wp-json\/wp\/v2\/tags?post=407526"}],"curies":[{"name":"wp","href":"https:\/\/api.w.org\/{rel}","templated":true}]}}