{"id":407514,"date":"2024-07-18T09:27:27","date_gmt":"2024-07-18T07:27:27","guid":{"rendered":"https:\/\/www.pcnen.com\/portal\/?p=407514"},"modified":"2024-07-18T09:27:27","modified_gmt":"2024-07-18T07:27:27","slug":"ep-odlucuje-da-li-ce-fon-der-lajen-dobiti-drugi-mandat-na-celu-komisije","status":"publish","type":"post","link":"https:\/\/www.pcnen.com\/portal\/2024\/07\/18\/ep-odlucuje-da-li-ce-fon-der-lajen-dobiti-drugi-mandat-na-celu-komisije\/","title":{"rendered":"EP odlu\u010duje da li \u0107e Fon der Lajen dobiti drugi mandat na \u010delu Komisije"},"content":{"rendered":"<p>Evropski parlament glasa\u0107e danas o izboru aktuelne predsjednice Evropske komisije Ursule fon der Lajen za drugi petogodi\u0161nji mandat na toj funkciji.<\/p>\n<p>Fon der Lajen \u0107e se obratiti na sjednici EP i izlo\u017eiti svoju viziju i planove za narednih pet godina, nakon \u010dega \u0107e uslijediti debata sa poslanicima EP.<\/p>\n<p>Nakon rasprave, poslanici EP trebalo bi da glasaju o njenoj kandidaturi za novi mandat na \u010delu Komisije.<\/p>\n<p>Glasanje \u0107e biti tajno, a da bi bila izabrana, Fon der Lajen mora da dobije podr\u0161ku apsolutne ve\u0107ine \u010dlanova parlamenta, odnosno najmanje 361 od 720 poslanika.<\/p>\n<p>Do glasanja u EP dolazi nakon \u0161to su lideri EU krajem juna podr\u017eali kandidaturu Fon der Lajen za drugi mandat na funkciji predsjednika Evropske komisije.<\/p>\n<p>Fon der Lajen je bila vode\u0107i kandidat za predsjednika Komisije Evropske narodne partije, koja je osvojila najvi\u0161e glasova na izborima za EP, odr\u017eanim od 6. do 9. juna ove godine.<\/p>\n<p>Lideri EU imenovali su je za novi mandat nakon \u0161to su se tri grupacije u EP Evropska narodna partija, socijaldemokrate i liberali dogovorili o paketu vode\u0107ih funkcija u EU.<\/p>\n<p>Evropski parlament mora da potvrdi njenu kandidaturu kako bi bila izabrana.<\/p>\n<p>Ukoliko za nju ne bude glasalo dovoljno poslanika EP, lideri EU moraju da u roku od mjesec dana predlo\u017ee novog kandidata za predsjednika Komisije.<\/p>\n","protected":false},"excerpt":{"rendered":"<p>Evropski parlament glasa\u0107e danas o izboru aktuelne predsjednice Evropske komisije Ursule fon der Lajen za drugi petogodi\u0161nji mandat na toj funkciji.<\/p>\n","protected":false},"author":1,"featured_media":399790,"comment_status":"open","ping_status":"closed","sticky":false,"template":"","format":"standard","meta":{"_seopress_robots_primary_cat":"none","_seopress_titles_title":"","_seopress_titles_desc":"","_seopress_robots_index":"","_et_pb_use_builder":"","_et_pb_old_content":"","_et_gb_content_width":"","inline_featured_image":false,"footnotes":""},"categories":[14],"tags":[],"class_list":["post-407514","post","type-post","status-publish","format-standard","has-post-thumbnail","hentry","category-vijesti"],"_links":{"self":[{"href":"https:\/\/www.pcnen.com\/portal\/wp-json\/wp\/v2\/posts\/407514","targetHints":{"allow":["GET"]}}],"collection":[{"href":"https:\/\/www.pcnen.com\/portal\/wp-json\/wp\/v2\/posts"}],"about":[{"href":"https:\/\/www.pcnen.com\/portal\/wp-json\/wp\/v2\/types\/post"}],"author":[{"embeddable":true,"href":"https:\/\/www.pcnen.com\/portal\/wp-json\/wp\/v2\/users\/1"}],"replies":[{"embeddable":true,"href":"https:\/\/www.pcnen.com\/portal\/wp-json\/wp\/v2\/comments?post=407514"}],"version-history":[{"count":1,"href":"https:\/\/www.pcnen.com\/portal\/wp-json\/wp\/v2\/posts\/407514\/revisions"}],"predecessor-version":[{"id":407517,"href":"https:\/\/www.pcnen.com\/portal\/wp-json\/wp\/v2\/posts\/407514\/revisions\/407517"}],"wp:featuredmedia":[{"embeddable":true,"href":"https:\/\/www.pcnen.com\/portal\/wp-json\/wp\/v2\/media\/399790"}],"wp:attachment":[{"href":"https:\/\/www.pcnen.com\/portal\/wp-json\/wp\/v2\/media?parent=407514"}],"wp:term":[{"taxonomy":"category","embeddable":true,"href":"https:\/\/www.pcnen.com\/portal\/wp-json\/wp\/v2\/categories?post=407514"},{"taxonomy":"post_tag","embeddable":true,"href":"https:\/\/www.pcnen.com\/portal\/wp-json\/wp\/v2\/tags?post=407514"}],"curies":[{"name":"wp","href":"https:\/\/api.w.org\/{rel}","templated":true}]}}