{"id":407510,"date":"2024-07-18T09:20:30","date_gmt":"2024-07-18T07:20:30","guid":{"rendered":"https:\/\/www.pcnen.com\/portal\/?p=407510"},"modified":"2024-07-18T09:20:30","modified_gmt":"2024-07-18T07:20:30","slug":"bajden-pozitivan-na-kovid","status":"publish","type":"post","link":"https:\/\/www.pcnen.com\/portal\/2024\/07\/18\/bajden-pozitivan-na-kovid\/","title":{"rendered":"Bajden pozitivan na kovid"},"content":{"rendered":"<p>Predsjednik SAD D\u017eozef Bajden ima kovid \u0161to je utvr\u0111eno testiranjem poslije doga\u0111aja tokom kampanje u Las Vegasu, saop\u0161teno je iz Bijele ku\u0107e.<\/p>\n<p>Kako je re\u010deno, predsjednik je primio vakcine i bustere, i ima bla\u017ee simptome.<\/p>\n<p>U saop\u0161tenju se dodaje da \u0107e se Bajden vratiti ku\u0107i u Delaver gdje \u0107e biti u samoizolaciji i nastavi\u0107e da obavlja svoje du\u017enosti. Javnost \u0107e, biti obavije\u0161tena o njegovom zdravstvenom stanju dok je u izolaciji.<\/p>\n<p>Bijela ku\u0107a je u saop\u0161tenju dodala da je Bajden u poslijepodnevnim satima osjetio simptome u gornjem disajnom traktu &#8211; curenje iz nosa i neproduktivni ka\u0161alj, i da se osje\u0107ao slabo.<\/p>\n<p>Testiran je na kovid i rezultat je bio pozitivan, penosi Glas Amerike.<\/p>\n<p>Bijela ku\u0107a je potvrdila da Bajden ima kovid nakon \u0161to je predsjednik organizacije UnidosUS, koja se bavi ljudskim pravima latino populacije, objavio da predsjednik SAD ne\u0107e biti u mogu\u0107nosti da govori na njihovom doga\u0111aju u Las Vegasu jer ima kovid.<\/p>\n","protected":false},"excerpt":{"rendered":"<p>Predsjednik SAD D\u017eozef Bajden ima kovid \u0161to je utvr\u0111eno testiranjem poslije doga\u0111aja tokom kampanje u Las Vegasu, saop\u0161teno je iz Bijele ku\u0107e.<\/p>\n","protected":false},"author":1,"featured_media":406252,"comment_status":"open","ping_status":"closed","sticky":false,"template":"","format":"standard","meta":{"_seopress_robots_primary_cat":"none","_seopress_titles_title":"","_seopress_titles_desc":"","_seopress_robots_index":"","_et_pb_use_builder":"","_et_pb_old_content":"","_et_gb_content_width":"","inline_featured_image":false,"footnotes":""},"categories":[14],"tags":[],"class_list":["post-407510","post","type-post","status-publish","format-standard","has-post-thumbnail","hentry","category-vijesti"],"_links":{"self":[{"href":"https:\/\/www.pcnen.com\/portal\/wp-json\/wp\/v2\/posts\/407510","targetHints":{"allow":["GET"]}}],"collection":[{"href":"https:\/\/www.pcnen.com\/portal\/wp-json\/wp\/v2\/posts"}],"about":[{"href":"https:\/\/www.pcnen.com\/portal\/wp-json\/wp\/v2\/types\/post"}],"author":[{"embeddable":true,"href":"https:\/\/www.pcnen.com\/portal\/wp-json\/wp\/v2\/users\/1"}],"replies":[{"embeddable":true,"href":"https:\/\/www.pcnen.com\/portal\/wp-json\/wp\/v2\/comments?post=407510"}],"version-history":[{"count":1,"href":"https:\/\/www.pcnen.com\/portal\/wp-json\/wp\/v2\/posts\/407510\/revisions"}],"predecessor-version":[{"id":407513,"href":"https:\/\/www.pcnen.com\/portal\/wp-json\/wp\/v2\/posts\/407510\/revisions\/407513"}],"wp:featuredmedia":[{"embeddable":true,"href":"https:\/\/www.pcnen.com\/portal\/wp-json\/wp\/v2\/media\/406252"}],"wp:attachment":[{"href":"https:\/\/www.pcnen.com\/portal\/wp-json\/wp\/v2\/media?parent=407510"}],"wp:term":[{"taxonomy":"category","embeddable":true,"href":"https:\/\/www.pcnen.com\/portal\/wp-json\/wp\/v2\/categories?post=407510"},{"taxonomy":"post_tag","embeddable":true,"href":"https:\/\/www.pcnen.com\/portal\/wp-json\/wp\/v2\/tags?post=407510"}],"curies":[{"name":"wp","href":"https:\/\/api.w.org\/{rel}","templated":true}]}}