{"id":407471,"date":"2024-07-17T21:00:45","date_gmt":"2024-07-17T19:00:45","guid":{"rendered":"https:\/\/www.pcnen.com\/portal\/?p=407471"},"modified":"2024-07-17T21:55:17","modified_gmt":"2024-07-17T19:55:17","slug":"vlada-sjutra-predstavlja-fiskalnu-strategiju-za-period-2024-2026","status":"publish","type":"post","link":"https:\/\/www.pcnen.com\/portal\/2024\/07\/17\/vlada-sjutra-predstavlja-fiskalnu-strategiju-za-period-2024-2026\/","title":{"rendered":"Vlada sjutra predstavlja Fiskalnu strategiju za period 2024 &#8211; 2026"},"content":{"rendered":"<p>Nakon 41. sjednice Vlade koja je \u0107e odr\u017eati sjutra (\u010detvrtak, 18. jul), u\u00a0 Vili \u201cGorica\u201d bi\u0107e organizovana tematska konferencija za medije na kojoj \u0107e biti prezentovana Fiskalna strategija za period 2024 &#8211; 2026, pi\u0161e u saop[tenju Vlade.<\/p>\n<p>Na konferenciji \u0107e govoriti premijer Milojko Spaji\u0107,\u00a0ministarka rada i socijalnog staranja Naida Ni\u0161i\u0107, ministar finansija Novica Vukovi\u0107,\u00a0\u0161ef Kabineta predsjednika Vlade Branko Krvavac i\u00a0Milena Milovi\u0107, savjetnica predsjednika Vlade za ekonomsku politiku.<\/p>\n<p>Konferencija \u0107e po\u010deti u 12 sati, u Vili Gorica.<\/p>\n","protected":false},"excerpt":{"rendered":"<p>Nakon 41. sjednice Vlade koja je \u0107e odr\u017eati sjutra (\u010detvrtak, 18. jul), u\u00a0 Vili \u201cGorica\u201d bi\u0107e organizovana tematska konferencija za medije na kojoj \u0107e biti prezentovana Fiskalna strategija za period 2024 &#8211; 2026, pi\u0161e u saop[tenju Vlade.<\/p>\n","protected":false},"author":1,"featured_media":388781,"comment_status":"open","ping_status":"closed","sticky":false,"template":"","format":"standard","meta":{"_seopress_robots_primary_cat":"none","_seopress_titles_title":"","_seopress_titles_desc":"","_seopress_robots_index":"","_et_pb_use_builder":"","_et_pb_old_content":"","_et_gb_content_width":"","inline_featured_image":false,"footnotes":""},"categories":[14],"tags":[],"class_list":["post-407471","post","type-post","status-publish","format-standard","has-post-thumbnail","hentry","category-vijesti"],"_links":{"self":[{"href":"https:\/\/www.pcnen.com\/portal\/wp-json\/wp\/v2\/posts\/407471","targetHints":{"allow":["GET"]}}],"collection":[{"href":"https:\/\/www.pcnen.com\/portal\/wp-json\/wp\/v2\/posts"}],"about":[{"href":"https:\/\/www.pcnen.com\/portal\/wp-json\/wp\/v2\/types\/post"}],"author":[{"embeddable":true,"href":"https:\/\/www.pcnen.com\/portal\/wp-json\/wp\/v2\/users\/1"}],"replies":[{"embeddable":true,"href":"https:\/\/www.pcnen.com\/portal\/wp-json\/wp\/v2\/comments?post=407471"}],"version-history":[{"count":7,"href":"https:\/\/www.pcnen.com\/portal\/wp-json\/wp\/v2\/posts\/407471\/revisions"}],"predecessor-version":[{"id":407490,"href":"https:\/\/www.pcnen.com\/portal\/wp-json\/wp\/v2\/posts\/407471\/revisions\/407490"}],"wp:featuredmedia":[{"embeddable":true,"href":"https:\/\/www.pcnen.com\/portal\/wp-json\/wp\/v2\/media\/388781"}],"wp:attachment":[{"href":"https:\/\/www.pcnen.com\/portal\/wp-json\/wp\/v2\/media?parent=407471"}],"wp:term":[{"taxonomy":"category","embeddable":true,"href":"https:\/\/www.pcnen.com\/portal\/wp-json\/wp\/v2\/categories?post=407471"},{"taxonomy":"post_tag","embeddable":true,"href":"https:\/\/www.pcnen.com\/portal\/wp-json\/wp\/v2\/tags?post=407471"}],"curies":[{"name":"wp","href":"https:\/\/api.w.org\/{rel}","templated":true}]}}