{"id":407460,"date":"2024-07-17T19:58:47","date_gmt":"2024-07-17T17:58:47","guid":{"rendered":"https:\/\/www.pcnen.com\/portal\/?p=407460"},"modified":"2024-07-17T19:59:59","modified_gmt":"2024-07-17T17:59:59","slug":"entso-e-ispad-dva-dalekovoda-21-juna-region-ostavio-bez-struje","status":"publish","type":"post","link":"https:\/\/www.pcnen.com\/portal\/2024\/07\/17\/entso-e-ispad-dva-dalekovoda-21-juna-region-ostavio-bez-struje\/","title":{"rendered":"ENTSO-E: Ispad dva dalekovoda 21. juna region ostavio bez struje"},"content":{"rendered":"<p>Regionalna havarija u elektroenergetskom sistemu, koja je 21. juna dovela do nestanka struje u skoro cijeloj Crnoj Gori, djelovima Hrvatske, Bosne i Hercegovine i Albanije, nastala je nakon ispada dva dalekovoda u razmaku od 13 minuta, objavila je Evropska mre\u017ea operatora prenosnog sistema elektri\u010dne energije (ENTSO-E).<\/p>\n<p>Kako navode, U 12:09 sati dalekovod Ribarevine &#8211; Podgorica isklju\u010den je zbog kratkog spoja. U 12:22 h, dalekovod izme\u0111u Albanije i Gr\u010dke je isklju\u010den zbog kratkog spoja.<\/p>\n<p>Oba doga\u0111aja isklju\u010denja su rezultirala incidentom sa nekoliko povreda sistema u smislu optere\u0107enja linija i napona,\u00a0 navodi se u izvje\u0161taju ENTSO-E.<\/p>\n<blockquote class=\"wp-embedded-content\" data-secret=\"mJQwafr9A0\"><p><a href=\"https:\/\/www.pcnen.com\/portal\/2024\/06\/21\/bez-struje-bio-gotovo-citav-region\/\">Bez struje bio gotovo \u010ditav region<\/a><\/p><\/blockquote>\n<p><iframe loading=\"lazy\" class=\"wp-embedded-content\" sandbox=\"allow-scripts\" security=\"restricted\" style=\"position: absolute; clip: rect(1px, 1px, 1px, 1px);\" title=\"&#8220;Bez struje bio gotovo \u010ditav region&#8221; &#8212; PCNEN\" src=\"https:\/\/www.pcnen.com\/portal\/2024\/06\/21\/bez-struje-bio-gotovo-citav-region\/embed\/#?secret=ysEnvvF6dx#?secret=mJQwafr9A0\" data-secret=\"mJQwafr9A0\" width=\"600\" height=\"338\" frameborder=\"0\" marginwidth=\"0\" marginheight=\"0\" scrolling=\"no\"><\/iframe><\/p>\n","protected":false},"excerpt":{"rendered":"<p>Regionalna havarija u elektroenergetskom sistemu, koja je 21. juna dovela do nestanka struje u skoro cijeloj Crnoj Gori, djelovima Hrvatske, Bosne i Hercegovine i Albanije, nastala je nakon ispada dva dalekovoda u razmaku od 13 minuta, objavila je Evropska mre\u017ea operatora prenosnog sistema elektri\u010dne energije (ENTSO-E).<\/p>\n","protected":false},"author":1,"featured_media":0,"comment_status":"open","ping_status":"closed","sticky":false,"template":"","format":"standard","meta":{"_seopress_robots_primary_cat":"none","_seopress_titles_title":"","_seopress_titles_desc":"","_seopress_robots_index":"","_et_pb_use_builder":"","_et_pb_old_content":"","_et_gb_content_width":"","inline_featured_image":false,"footnotes":""},"categories":[14],"tags":[],"class_list":["post-407460","post","type-post","status-publish","format-standard","hentry","category-vijesti"],"_links":{"self":[{"href":"https:\/\/www.pcnen.com\/portal\/wp-json\/wp\/v2\/posts\/407460","targetHints":{"allow":["GET"]}}],"collection":[{"href":"https:\/\/www.pcnen.com\/portal\/wp-json\/wp\/v2\/posts"}],"about":[{"href":"https:\/\/www.pcnen.com\/portal\/wp-json\/wp\/v2\/types\/post"}],"author":[{"embeddable":true,"href":"https:\/\/www.pcnen.com\/portal\/wp-json\/wp\/v2\/users\/1"}],"replies":[{"embeddable":true,"href":"https:\/\/www.pcnen.com\/portal\/wp-json\/wp\/v2\/comments?post=407460"}],"version-history":[{"count":2,"href":"https:\/\/www.pcnen.com\/portal\/wp-json\/wp\/v2\/posts\/407460\/revisions"}],"predecessor-version":[{"id":407465,"href":"https:\/\/www.pcnen.com\/portal\/wp-json\/wp\/v2\/posts\/407460\/revisions\/407465"}],"wp:attachment":[{"href":"https:\/\/www.pcnen.com\/portal\/wp-json\/wp\/v2\/media?parent=407460"}],"wp:term":[{"taxonomy":"category","embeddable":true,"href":"https:\/\/www.pcnen.com\/portal\/wp-json\/wp\/v2\/categories?post=407460"},{"taxonomy":"post_tag","embeddable":true,"href":"https:\/\/www.pcnen.com\/portal\/wp-json\/wp\/v2\/tags?post=407460"}],"curies":[{"name":"wp","href":"https:\/\/api.w.org\/{rel}","templated":true}]}}