{"id":407454,"date":"2024-07-17T16:30:26","date_gmt":"2024-07-17T14:30:26","guid":{"rendered":"https:\/\/www.pcnen.com\/portal\/?p=407454"},"modified":"2024-07-17T16:31:11","modified_gmt":"2024-07-17T14:31:11","slug":"rtcg-raspisala-konkurs-za-izbor-generalnog-direktora","status":"publish","type":"post","link":"https:\/\/www.pcnen.com\/portal\/2024\/07\/17\/rtcg-raspisala-konkurs-za-izbor-generalnog-direktora\/","title":{"rendered":"RTCG raspisala konkurs za izbor generalnog direktora"},"content":{"rendered":"<p>Radio i televizija Crne Gore je raspisala javni konkurs za izbor generalnog direktora.<\/p>\n<p>Uslovi za imenovanje generalnog direktora su dr\u017eavljanstvo Crne Gore, prebivali\u0161te u Crnoj Gori, najmanje pet godina radnog iskustva na poslovima rukovo\u0111enja u oblasti od zna\u010daja za obavljanje djelatnosti Javnog medijskog servisa ( novinarstvo, umjetnost, kultura, audiovizuelna medijska djelatnost, sociologija, pravo, ekonomija i dr.), najmanje VII1- nivo kvalifikacija obrazovanja.<\/p>\n<p>Kandidati za generalnog direktora RTCG du\u017eni su da uz prijavu na konkurs za imenovanje generalnog direktora dostave program razvoja i rada RTCG za mandatni period (do 3 strane); CV, fotokopiju biometrijske li\u010dne karte, dokaz o dr\u017eavljanstvu Crne Gore, dokaz o prebivali\u0161ta u Crnoj Gori, dokaz o ste\u010denom nivou kvalifikacija obrazovanja, dokaz o radnom iskustvu, uvjerenje da se protiv kandidata ne vodi krivi\u010dni postupak, izjavu pod krivi\u010dnom i materijalnom odgovorno\u0161\u0107u da ispunjava uslove iz \u010dlana Zakona o nacionalnom javnom emiteru- Javnom medijskom servisu Crne Gore .<\/p>\n<p>Mandat generalnog direktora RTCG je \u010detiri godine, a ista osoba mo\u017ee biti imenovana za generalnog direktora najvi\u0161e dva puta.<\/p>\n<p>Prijave se dostavljaju na arhivi RTCG u vremenu od 9 do 14 \u010dasova svakog radnog dana, pri \u010demu \u0107e se smatrati da je pismeno koje je poslato preporu\u010denom po\u0161iljkom primljeno na dan koji je nazna\u010den u potvrdi o prijemu te po\u0161iljke.<\/p>\n<p>Rok za dostavljanje prijava kandidata sa potrebnom dokumentacijom je 30 dana od dana objavljivanja javnog konkursa preko Zavoda za zapo\u0161ljavanje Crne Gore.<\/p>\n<blockquote><p><strong>Boris Raoni\u0107 je podnio 9. jula ostavku Savjetu Radio-televizije Crne Gore (RTCG), koji ga je ve\u0107inom glasova ponovo imenovao za vr\u0161ioca du\u017enosti generalnog direktora do raspisivanja novog konkursa, kada \u0107e mo\u0107i da se kandiduje.<\/strong><\/p><\/blockquote>\n","protected":false},"excerpt":{"rendered":"<p>Radio i televizija Crne Gore je raspisala javni konkurs za izbor generalnog direktora.<\/p>\n","protected":false},"author":1,"featured_media":407457,"comment_status":"open","ping_status":"closed","sticky":false,"template":"","format":"standard","meta":{"_seopress_robots_primary_cat":"none","_seopress_titles_title":"","_seopress_titles_desc":"","_seopress_robots_index":"","_et_pb_use_builder":"","_et_pb_old_content":"","_et_gb_content_width":"","inline_featured_image":false,"footnotes":""},"categories":[14],"tags":[],"class_list":["post-407454","post","type-post","status-publish","format-standard","has-post-thumbnail","hentry","category-vijesti"],"_links":{"self":[{"href":"https:\/\/www.pcnen.com\/portal\/wp-json\/wp\/v2\/posts\/407454","targetHints":{"allow":["GET"]}}],"collection":[{"href":"https:\/\/www.pcnen.com\/portal\/wp-json\/wp\/v2\/posts"}],"about":[{"href":"https:\/\/www.pcnen.com\/portal\/wp-json\/wp\/v2\/types\/post"}],"author":[{"embeddable":true,"href":"https:\/\/www.pcnen.com\/portal\/wp-json\/wp\/v2\/users\/1"}],"replies":[{"embeddable":true,"href":"https:\/\/www.pcnen.com\/portal\/wp-json\/wp\/v2\/comments?post=407454"}],"version-history":[{"count":2,"href":"https:\/\/www.pcnen.com\/portal\/wp-json\/wp\/v2\/posts\/407454\/revisions"}],"predecessor-version":[{"id":407459,"href":"https:\/\/www.pcnen.com\/portal\/wp-json\/wp\/v2\/posts\/407454\/revisions\/407459"}],"wp:featuredmedia":[{"embeddable":true,"href":"https:\/\/www.pcnen.com\/portal\/wp-json\/wp\/v2\/media\/407457"}],"wp:attachment":[{"href":"https:\/\/www.pcnen.com\/portal\/wp-json\/wp\/v2\/media?parent=407454"}],"wp:term":[{"taxonomy":"category","embeddable":true,"href":"https:\/\/www.pcnen.com\/portal\/wp-json\/wp\/v2\/categories?post=407454"},{"taxonomy":"post_tag","embeddable":true,"href":"https:\/\/www.pcnen.com\/portal\/wp-json\/wp\/v2\/tags?post=407454"}],"curies":[{"name":"wp","href":"https:\/\/api.w.org\/{rel}","templated":true}]}}