{"id":407450,"date":"2024-07-17T15:38:27","date_gmt":"2024-07-17T13:38:27","guid":{"rendered":"https:\/\/www.pcnen.com\/portal\/?p=407450"},"modified":"2024-07-17T15:38:27","modified_gmt":"2024-07-17T13:38:27","slug":"rezolucija-o-genocidu-u-jasenovcu-jos-nije-objavljena-u-slcg","status":"publish","type":"post","link":"https:\/\/www.pcnen.com\/portal\/2024\/07\/17\/rezolucija-o-genocidu-u-jasenovcu-jos-nije-objavljena-u-slcg\/","title":{"rendered":"Rezolucija o genocidu u Jasenovcu jo\u0161 nije objavljena u SLCG"},"content":{"rendered":"<p>Rezolucija o genocidu u Jasenovcu, Dahau u Mauthauzenu jo\u0161 nije objavljena u Slu\u017ebenom listu Crne Gore ali ni na sajtu Skup\u0161tine Crne Gore.<\/p>\n<p>Predsjednik Skup\u0161tine Andrija Mandi\u0107 jo\u0161 nije potpisao Rezoluciju i zbog toga ona nije zvani\u010dno objavljena iako je usvojena 28. juna, rekao je\u00a0 poslanik DPS Andrija Nikoli\u0107 u parlamentu..<\/p>\n<p>On je poru\u010dio da &#8220;u \u0161krinji predsjednika Skup\u0161tine Crne Gore Andrije Mandi\u0107a le\u017ei usvojeni tekst rezolucije o Jasenovcu koji iz nekog razloga ne\u0107e da potpi\u0161e i proslijedi na objavljivanje u Slu\u017ebenom listu&#8221;.<\/p>\n<p>&#8220;Su\u0161tina je da taj dokument danas ne postoji. Da su rasprava u Skup\u0161tini Crne Gore i glasanje bili potrebni predsjedniku Skup\u0161tine i parlamentarnoj ve\u0107ini, da ostanu u Vladi nakon \u0161to je Vlada Milojka Spaji\u0107a glasala za Rezoluciju o genocidu u Srebrenici koju su usvojile i Ujedinjene nacije. Dakle, po\u0161tovani gra\u0111ani Crne Gore, \u017eelim da znate da ste prevareni i vi i me\u0111unarodna zajednica i ukupna stru\u010dna doma\u0107a i me\u0111unarodna javnost&#8221;, rekao je Nikoli\u0107.<\/p>\n<blockquote class=\"wp-embedded-content\" data-secret=\"spB2FnTc7N\"><p><a href=\"https:\/\/www.pcnen.com\/portal\/2024\/06\/28\/skupstina-vecina-usvojila-rezolucije-o-genocidu-u-jasenovcu-dahau-i-mauthauzenu\/\">Skup\u0161tina: Ve\u0107ina usvojila rezolucije o genocidu u Jasenovcu, Dahau i Mauthauzenu<\/a><\/p><\/blockquote>\n<p><iframe loading=\"lazy\" class=\"wp-embedded-content\" sandbox=\"allow-scripts\" security=\"restricted\" style=\"position: absolute; clip: rect(1px, 1px, 1px, 1px);\" title=\"&#8220;Skup\u0161tina: Ve\u0107ina usvojila rezolucije o genocidu u Jasenovcu, Dahau i Mauthauzenu&#8221; &#8212; PCNEN\" src=\"https:\/\/www.pcnen.com\/portal\/2024\/06\/28\/skupstina-vecina-usvojila-rezolucije-o-genocidu-u-jasenovcu-dahau-i-mauthauzenu\/embed\/#?secret=9zH7pA8hlI#?secret=spB2FnTc7N\" data-secret=\"spB2FnTc7N\" width=\"600\" height=\"338\" frameborder=\"0\" marginwidth=\"0\" marginheight=\"0\" scrolling=\"no\"><\/iframe><\/p>\n","protected":false},"excerpt":{"rendered":"<p>Rezolucija o genocidu u Jasenovcu, Dahau u Mauthauzenu jo\u0161 nije objavljena u Slu\u017ebenom listu Crne Gore ali ni na sajtu Skup\u0161tine Crne Gore.<\/p>\n","protected":false},"author":1,"featured_media":283323,"comment_status":"open","ping_status":"closed","sticky":false,"template":"","format":"standard","meta":{"_seopress_robots_primary_cat":"none","_seopress_titles_title":"","_seopress_titles_desc":"","_seopress_robots_index":"","_et_pb_use_builder":"","_et_pb_old_content":"","_et_gb_content_width":"","inline_featured_image":false,"footnotes":""},"categories":[14],"tags":[],"class_list":["post-407450","post","type-post","status-publish","format-standard","has-post-thumbnail","hentry","category-vijesti"],"_links":{"self":[{"href":"https:\/\/www.pcnen.com\/portal\/wp-json\/wp\/v2\/posts\/407450","targetHints":{"allow":["GET"]}}],"collection":[{"href":"https:\/\/www.pcnen.com\/portal\/wp-json\/wp\/v2\/posts"}],"about":[{"href":"https:\/\/www.pcnen.com\/portal\/wp-json\/wp\/v2\/types\/post"}],"author":[{"embeddable":true,"href":"https:\/\/www.pcnen.com\/portal\/wp-json\/wp\/v2\/users\/1"}],"replies":[{"embeddable":true,"href":"https:\/\/www.pcnen.com\/portal\/wp-json\/wp\/v2\/comments?post=407450"}],"version-history":[{"count":1,"href":"https:\/\/www.pcnen.com\/portal\/wp-json\/wp\/v2\/posts\/407450\/revisions"}],"predecessor-version":[{"id":407453,"href":"https:\/\/www.pcnen.com\/portal\/wp-json\/wp\/v2\/posts\/407450\/revisions\/407453"}],"wp:featuredmedia":[{"embeddable":true,"href":"https:\/\/www.pcnen.com\/portal\/wp-json\/wp\/v2\/media\/283323"}],"wp:attachment":[{"href":"https:\/\/www.pcnen.com\/portal\/wp-json\/wp\/v2\/media?parent=407450"}],"wp:term":[{"taxonomy":"category","embeddable":true,"href":"https:\/\/www.pcnen.com\/portal\/wp-json\/wp\/v2\/categories?post=407450"},{"taxonomy":"post_tag","embeddable":true,"href":"https:\/\/www.pcnen.com\/portal\/wp-json\/wp\/v2\/tags?post=407450"}],"curies":[{"name":"wp","href":"https:\/\/api.w.org\/{rel}","templated":true}]}}