{"id":407442,"date":"2024-07-17T12:33:40","date_gmt":"2024-07-17T10:33:40","guid":{"rendered":"https:\/\/www.pcnen.com\/portal\/?p=407442"},"modified":"2024-07-17T12:33:40","modified_gmt":"2024-07-17T10:33:40","slug":"medvedev-moskva-pokusava-da-sprijeci-globalnu-katastrofu","status":"publish","type":"post","link":"https:\/\/www.pcnen.com\/portal\/2024\/07\/17\/medvedev-moskva-pokusava-da-sprijeci-globalnu-katastrofu\/","title":{"rendered":"Medvedev: Moskva poku\u0161ava da sprije\u010di globalnu katastrofu"},"content":{"rendered":"<p>Moskva poku\u0161ava da sprije\u010di razaraju\u0107i globalni sukob, ali njeni protivnici ne \u017eele da poka\u017eu zdrav razum, rekao je zamjenik predsjednika Savjeta bezbjednosti Rusije Dmitrij Medvedev.<\/p>\n<p>Na pitanje da li Rusija treba da koristi \u0161iri spektar naoru\u017eanja koje joj je na raspolaganju u ukrajinskom sukobu on je rekao da \u0107e Rusija u svakom slu\u010daju djelovati u strogom skladu sa Poveljom UN i drugim klju\u010dnim dokumentima, kao i sa univerzalno prihva\u0107enim normama me\u0111unarodnog prava.<\/p>\n<p>&#8220;Dokle god mo\u017eemo da sprije\u010dimo globalnu katastrofu, trudi\u0107emo se da to u\u010dinimo. Na\u017ealost, na\u0161i sada\u0161nji neprijatelji ne dijele na\u0161e te\u017enje i ne mo\u017eemo da ra\u010dunamo na njihovu mudrost, volju i te\u017enje za mirom. \u0160to zna\u010di da je sve mogu\u0107e&#8221;, upozorio je Medvedev.<\/p>\n<p>On je naglasio da Rusija ima moralne i pravne osnove da da adekvatan simetri\u010dan ili asimetri\u010dan odgovor na svaku direktnu prijetnju njenoj bezbjednosti i suverenitetu, prenio je TASS.<\/p>\n<p>&#8220;To je sadr\u017eano u na\u0161im Osnovnim principima dr\u017eavne politike nuklearnog odvra\u0107anja &#8211; nuklearna doktrina. Na\u0161 potencijal &#8211; vojni, tehni\u010dki i ekonomski &#8211; je vi\u0161e nego dovoljan da odbranimo gra\u0111ane na\u0161e zemlje i prijateljskih naroda&#8221;, dodao je Medvedev, prenosi Srna.<\/p>\n","protected":false},"excerpt":{"rendered":"<p>Moskva poku\u0161ava da sprije\u010di razaraju\u0107i globalni sukob, ali njeni protivnici ne \u017eele da poka\u017eu zdrav razum, rekao je zamjenik predsjednika Savjeta bezbjednosti Rusije Dmitrij Medvedev.<\/p>\n","protected":false},"author":1,"featured_media":347210,"comment_status":"open","ping_status":"closed","sticky":false,"template":"","format":"standard","meta":{"_seopress_robots_primary_cat":"none","_seopress_titles_title":"","_seopress_titles_desc":"","_seopress_robots_index":"","_et_pb_use_builder":"","_et_pb_old_content":"","_et_gb_content_width":"","inline_featured_image":false,"footnotes":""},"categories":[14],"tags":[],"class_list":["post-407442","post","type-post","status-publish","format-standard","has-post-thumbnail","hentry","category-vijesti"],"_links":{"self":[{"href":"https:\/\/www.pcnen.com\/portal\/wp-json\/wp\/v2\/posts\/407442","targetHints":{"allow":["GET"]}}],"collection":[{"href":"https:\/\/www.pcnen.com\/portal\/wp-json\/wp\/v2\/posts"}],"about":[{"href":"https:\/\/www.pcnen.com\/portal\/wp-json\/wp\/v2\/types\/post"}],"author":[{"embeddable":true,"href":"https:\/\/www.pcnen.com\/portal\/wp-json\/wp\/v2\/users\/1"}],"replies":[{"embeddable":true,"href":"https:\/\/www.pcnen.com\/portal\/wp-json\/wp\/v2\/comments?post=407442"}],"version-history":[{"count":1,"href":"https:\/\/www.pcnen.com\/portal\/wp-json\/wp\/v2\/posts\/407442\/revisions"}],"predecessor-version":[{"id":407445,"href":"https:\/\/www.pcnen.com\/portal\/wp-json\/wp\/v2\/posts\/407442\/revisions\/407445"}],"wp:featuredmedia":[{"embeddable":true,"href":"https:\/\/www.pcnen.com\/portal\/wp-json\/wp\/v2\/media\/347210"}],"wp:attachment":[{"href":"https:\/\/www.pcnen.com\/portal\/wp-json\/wp\/v2\/media?parent=407442"}],"wp:term":[{"taxonomy":"category","embeddable":true,"href":"https:\/\/www.pcnen.com\/portal\/wp-json\/wp\/v2\/categories?post=407442"},{"taxonomy":"post_tag","embeddable":true,"href":"https:\/\/www.pcnen.com\/portal\/wp-json\/wp\/v2\/tags?post=407442"}],"curies":[{"name":"wp","href":"https:\/\/api.w.org\/{rel}","templated":true}]}}