{"id":407438,"date":"2024-07-17T12:26:54","date_gmt":"2024-07-17T10:26:54","guid":{"rendered":"https:\/\/www.pcnen.com\/portal\/?p=407438"},"modified":"2024-07-17T12:26:54","modified_gmt":"2024-07-17T10:26:54","slug":"vucevic-kriminalnom-klanu-radoja-zvicera-glavna-meta-vucic","status":"publish","type":"post","link":"https:\/\/www.pcnen.com\/portal\/2024\/07\/17\/vucevic-kriminalnom-klanu-radoja-zvicera-glavna-meta-vucic\/","title":{"rendered":"Vu\u010devi\u0107: Kriminalnom klanu Radoja Zvicera glavna meta Vu\u010di\u0107"},"content":{"rendered":"<p>Predsjednik Vlade Srbije Milo\u0161 Vu\u010devi\u0107 je rekao danas da kriminalnom klanu koji predvodi Radoje Zvicer glavna meta jeste predsjednik Srbije Aleksandar Vu\u010di\u0107, kao i da je zabrinut za njegovu bezbjednost.<\/p>\n<p>Vu\u010devi\u0107 je za Tanjug rekao da je njima problem Srbija na \u010delu sa Vu\u010di\u0107em, kao i da on ima problem zbog hap\u0161enja Veljka Belivuka, protjerivanja kava\u010dkog i \u0161kaljarskog klana i onemogu\u0107avanja mafija\u0161ima da upravljaju Srbijom i dijelom regiona kao \u0161to je to bilo do 2012.<\/p>\n<p>Kako je istakao oni su imali, ne samo kriminalne aktivnosti, nego su oni iz tih kriminalnih fondova finansirali i odre\u0111ene politi\u010dke strukture i medije i prakti\u010dno sebi pravili potporu.<\/p>\n<p>Dodao je da su se bavili koruptivnim stvarima kako bi da kontrolisali policiju i tu\u017eila\u0161tvo.<\/p>\n<p>&#8220;I zato je njima Vu\u010di\u0107 glavna meta&#8221;,\u00a0 naveo je on.<\/p>\n<p>&#8220;Kada imate u vidu \u010dinjenicu da nekog poput Zvicera koji dnevno zara\u0111uje ne znam koliko para sa tim \u0161vercom narkotika, opijata i sve \u0161to rade gdje god se ve\u0107 nalaze \u0161irom svijeta, kada znate da su oni veoma agresivni i nezadovoljni zbog politike Srbije da ih protjera sa na\u0161ih prostora&#8221;, istakao je on.<\/p>\n<p>Kazao je da je krajnje iritantno kad \u010dujete ove iz redova dijela opozicije da se smiju kada ka\u017eemo da sve \u010dinjenice ukazuju da pitanje bezbjednosti Vu\u010di\u0107a mora biti podignuto na najvi\u0161i nivo.<\/p>\n<p>&#8220;Smijemo se svemu, smijali smo se (Robertu) Ficu, (Donaldu) Trampu, sve nam je smije\u0161no dok se ne desi neko \u010dudo. Smijali smo kada su (Zorana) \u0110in\u0111i\u0107a presreli na auto-putu sve dok se nije desio onaj mart 2003. kada su ga ubili&#8221;,\u00a0 kazao je on.<\/p>\n<p>Prema njegovim rije\u010dima, sve je izvrgnuto ruglu kako bi se nastavio zadatak nekih.<\/p>\n<p>&#8220;Vidim spoj mafije i dela medija koje prave klimu da je neko legitimna meta, ali se konstantno sprovodi dehumanizacija, kriminalizacija jednog \u010doveka. On je \u010dovek, on je ovakav, on je onakav. Njegovo okru\u017eenje je kriminalno, on rasprodaje dr\u017eavu, izdaje dr\u017eavu i od takvog \u010doveka se pravi legitimna meta&#8221;, zaklju\u010dio je Vu\u010devi\u0107.<\/p>\n","protected":false},"excerpt":{"rendered":"<p>Predsjednik Vlade Srbije Milo\u0161 Vu\u010devi\u0107 je rekao danas da kriminalnom klanu koji predvodi Radoje Zvicer glavna meta jeste predsjednik Srbije Aleksandar Vu\u010di\u0107, kao i da je zabrinut za njegovu bezbjednost.<\/p>\n","protected":false},"author":1,"featured_media":373718,"comment_status":"open","ping_status":"closed","sticky":false,"template":"","format":"standard","meta":{"_seopress_robots_primary_cat":"none","_seopress_titles_title":"","_seopress_titles_desc":"","_seopress_robots_index":"","_et_pb_use_builder":"","_et_pb_old_content":"","_et_gb_content_width":"","inline_featured_image":false,"footnotes":""},"categories":[14],"tags":[],"class_list":["post-407438","post","type-post","status-publish","format-standard","has-post-thumbnail","hentry","category-vijesti"],"_links":{"self":[{"href":"https:\/\/www.pcnen.com\/portal\/wp-json\/wp\/v2\/posts\/407438","targetHints":{"allow":["GET"]}}],"collection":[{"href":"https:\/\/www.pcnen.com\/portal\/wp-json\/wp\/v2\/posts"}],"about":[{"href":"https:\/\/www.pcnen.com\/portal\/wp-json\/wp\/v2\/types\/post"}],"author":[{"embeddable":true,"href":"https:\/\/www.pcnen.com\/portal\/wp-json\/wp\/v2\/users\/1"}],"replies":[{"embeddable":true,"href":"https:\/\/www.pcnen.com\/portal\/wp-json\/wp\/v2\/comments?post=407438"}],"version-history":[{"count":1,"href":"https:\/\/www.pcnen.com\/portal\/wp-json\/wp\/v2\/posts\/407438\/revisions"}],"predecessor-version":[{"id":407441,"href":"https:\/\/www.pcnen.com\/portal\/wp-json\/wp\/v2\/posts\/407438\/revisions\/407441"}],"wp:featuredmedia":[{"embeddable":true,"href":"https:\/\/www.pcnen.com\/portal\/wp-json\/wp\/v2\/media\/373718"}],"wp:attachment":[{"href":"https:\/\/www.pcnen.com\/portal\/wp-json\/wp\/v2\/media?parent=407438"}],"wp:term":[{"taxonomy":"category","embeddable":true,"href":"https:\/\/www.pcnen.com\/portal\/wp-json\/wp\/v2\/categories?post=407438"},{"taxonomy":"post_tag","embeddable":true,"href":"https:\/\/www.pcnen.com\/portal\/wp-json\/wp\/v2\/tags?post=407438"}],"curies":[{"name":"wp","href":"https:\/\/api.w.org\/{rel}","templated":true}]}}