{"id":407431,"date":"2024-07-17T12:08:47","date_gmt":"2024-07-17T10:08:47","guid":{"rendered":"https:\/\/www.pcnen.com\/portal\/?p=407431"},"modified":"2024-07-17T12:14:17","modified_gmt":"2024-07-17T10:14:17","slug":"sudjenje-knezevicu-bice-prenoseno-uzivo","status":"publish","type":"post","link":"https:\/\/www.pcnen.com\/portal\/2024\/07\/17\/sudjenje-knezevicu-bice-prenoseno-uzivo\/","title":{"rendered":"Su\u0111enje Kne\u017eevi\u0107u bi\u0107e preno\u0161eno u\u017eivo"},"content":{"rendered":"<p>Vr\u0161iteljka du\u017enosti predsjednice Vrhovnog suda Vesna Vu\u010dkovi\u0107 je usvojila zahtjev branioca Du\u0161ka Kne\u017eevi\u0107a, Dra\u017eena Medojevi\u0107a da se audio vizuelno snima i javno prikazuje su\u0111enje u predmetu Koverta.<\/p>\n<p>Sudija Vi\u0161eg suda u Podgorici Nenad Vujanovi\u0107 je rekao da \u0107e zatra\u017eiti dodatno tuma\u010denje ovog re\u0161enja; ko, kako \u0107e da snima, koji medij i koji novinar \u0107e da unese kameru.<\/p>\n<p>Vujanovi\u0107 je tokom dana\u0161njeg su\u0111enja zbog reme\u0107enja su\u0111enja udaljio Kne\u017eevi\u0107a iz sudnice nakon dvije opomene.<\/p>\n<p>Prije toga Kne\u017eevi\u0107 je rekao: &#8220;Dva \u017euta i crveni&#8221;.<\/p>\n<p>Su\u0111enje Kne\u017eevi\u0107u odgo\u0111eno je za septembar.<\/p>\n<p><a href=\"https:\/\/www.pcnen.com\/portal\/?s=Du%C5%A1ko+Kne%C5%BEevi%C4%87\">VEZANE VIJESTI<\/a><\/p>\n","protected":false},"excerpt":{"rendered":"<p>Vr\u0161iteljka du\u017enosti predsjednice Vrhovnog suda Vesna Vu\u010dkovi\u0107 je usvojila zahtjev branioca Du\u0161ka Kne\u017eevi\u0107a, Dra\u017eena Medojevi\u0107a da se audio vizuelno snima i javno prikazuje su\u0111enje u predmetu Koverta.<\/p>\n","protected":false},"author":1,"featured_media":407437,"comment_status":"open","ping_status":"closed","sticky":false,"template":"","format":"standard","meta":{"_seopress_robots_primary_cat":"none","_seopress_titles_title":"","_seopress_titles_desc":"","_seopress_robots_index":"","_et_pb_use_builder":"","_et_pb_old_content":"","_et_gb_content_width":"","inline_featured_image":false,"footnotes":""},"categories":[14],"tags":[],"class_list":["post-407431","post","type-post","status-publish","format-standard","has-post-thumbnail","hentry","category-vijesti"],"_links":{"self":[{"href":"https:\/\/www.pcnen.com\/portal\/wp-json\/wp\/v2\/posts\/407431","targetHints":{"allow":["GET"]}}],"collection":[{"href":"https:\/\/www.pcnen.com\/portal\/wp-json\/wp\/v2\/posts"}],"about":[{"href":"https:\/\/www.pcnen.com\/portal\/wp-json\/wp\/v2\/types\/post"}],"author":[{"embeddable":true,"href":"https:\/\/www.pcnen.com\/portal\/wp-json\/wp\/v2\/users\/1"}],"replies":[{"embeddable":true,"href":"https:\/\/www.pcnen.com\/portal\/wp-json\/wp\/v2\/comments?post=407431"}],"version-history":[{"count":3,"href":"https:\/\/www.pcnen.com\/portal\/wp-json\/wp\/v2\/posts\/407431\/revisions"}],"predecessor-version":[{"id":407436,"href":"https:\/\/www.pcnen.com\/portal\/wp-json\/wp\/v2\/posts\/407431\/revisions\/407436"}],"wp:featuredmedia":[{"embeddable":true,"href":"https:\/\/www.pcnen.com\/portal\/wp-json\/wp\/v2\/media\/407437"}],"wp:attachment":[{"href":"https:\/\/www.pcnen.com\/portal\/wp-json\/wp\/v2\/media?parent=407431"}],"wp:term":[{"taxonomy":"category","embeddable":true,"href":"https:\/\/www.pcnen.com\/portal\/wp-json\/wp\/v2\/categories?post=407431"},{"taxonomy":"post_tag","embeddable":true,"href":"https:\/\/www.pcnen.com\/portal\/wp-json\/wp\/v2\/tags?post=407431"}],"curies":[{"name":"wp","href":"https:\/\/api.w.org\/{rel}","templated":true}]}}