{"id":407413,"date":"2024-07-17T06:37:33","date_gmt":"2024-07-17T04:37:33","guid":{"rendered":"https:\/\/www.pcnen.com\/portal\/?p=407413"},"modified":"2024-07-17T06:37:33","modified_gmt":"2024-07-17T04:37:33","slug":"diplomate-eu-u-bih-odale-postu-srbima-u-bratuncu-suljagic-porucio-da-ce-pakleno-platiti","status":"publish","type":"post","link":"https:\/\/www.pcnen.com\/portal\/2024\/07\/17\/diplomate-eu-u-bih-odale-postu-srbima-u-bratuncu-suljagic-porucio-da-ce-pakleno-platiti\/","title":{"rendered":"Diplomate EU u BiH odale po\u0161tu Srbima u Bratuncu, Suljagi\u0107 poru\u010dio da \u0107e &#8216;pakleno platiti&#8217;"},"content":{"rendered":"<p>Predstavnici ambasada pet zemalja Evropske unije i Delegacije EU u BiH su ju\u010de na groblju u Bratuncu polo\u017eili vijenac u spomen srpskim \u017ertvama u ratu 1990-ih na podru\u010dju Srednjeg Podrinja i Bir\u010da, a to je osudio direktor Memorijalnog centra Poto\u010dari Emir Suljagi\u0107 navode\u0107i da su tu sahranjeni i pripadnici vojske bosanskih Srba koji su vr\u0161ili zlo\u010dine nad Bo\u0161njacima, prenosi Beta.<\/p>\n<p>U delegaciju su bili predstavnici ambasada \u0160panije, Slovenije, Rumunije, \u010ce\u0161ke i Gr\u010dke.<\/p>\n<p>Na vijencu polo\u017eenom kod Spomen-krsta pi\u0161e: &#8220;U pomen svim nevinim \u017ertvama&#8221;.<\/p>\n<p>Delegacija EU u BiH je saop\u0161tila da su se njen otpravnik poslova Adebej Babajide i diplomate ambasada dr\u017eava EU\u00a0u BiH &#8220;odali po\u0161tu nevino ubijenim civilima na tom podru\u010dju od 1992. do 1995. godine. Empatija i po\u0161tovanje prema svim nevinim civilnim \u017ertvama, kao i prihvatanje istorijskih i sudski utvr\u0111enih \u010dinjenica klju\u010dni su za stvaranje okru\u017eenja pogodnog za pomirenje&#8221;, navela je Delegacija EU.<\/p>\n<p>Na to je direktor Memorijalnog centra Poto\u010dari Emir Suljagi\u0107 napisao na dru\u0161tvenoj mre\u017ei X da je &#8220;apsolutno \u0161okiran&#8221; time \u0161to je Delegacija EU odala po\u0161tu, kako je naveo, &#8220;pripadnicima vojske bosanskih Srba na Vojni\u010dkom groblju&#8221;.<\/p>\n<p>Na tom groblju je &#8220;zastava bora\u010dke organizacije bosanskih Srba odmah do velikog krsta, pod krinkom &#8216;nevinih civila&#8217;. Tu su ukopani pojedinci koji su imali vode\u0107u ulogu u zlo\u010dinima protiv \u010dovje\u010dnosti u prolje\u0107e i ljeto 1992. godine nad bo\u0161nja\u010dkim stanovni\u0161tvom. Kakva sramota. Pakleno \u0107ete platiti za ovo, imate moju rije\u010d&#8221;, napisao je Suljagi\u0107.<\/p>\n<p>On je naveo da je na tom groblju sahranjena i osoba koja je izvr\u0161ila egzekuciju \u010dlanova njegove porodice 1992. godine.<\/p>\n<p>Diplomate su se, kako je saop\u0161teno, u Bratuncu sastale s gradona\u010delnikom Lazarom Prodanovi\u0107em da bi se upoznale sa situacijom u toj op\u0161tini, uklju\u010duju\u0107i aktivnosti za izgradnju povjerenja me\u0111u etni\u010dkim zajednicama. Prenijeto je da je Prodanovi\u0107 izjavio da je va\u017ena poruka to \u0161to predstavnici EU &#8220;podjednako odaju po\u0161tu&#8221;.<\/p>\n<p>&#8220;To je ono \u0161to mi stalno potenciramo. I kao predstavnik Op\u0161tine i kao predsjednik Organizacionog odbora \u017eelim da izrazim beskrajnu zahvalnost za ovaj \u010din, jer svaka \u017ertva koja je izgubila \u017eivot zaslu\u017euje po\u0161tovanje&#8221;, rekao je Prodanovi\u0107.<\/p>\n","protected":false},"excerpt":{"rendered":"<p>Predstavnici ambasada pet zemalja Evropske unije i Delegacije EU u BiH su ju\u010de na groblju u Bratuncu polo\u017eili vijenac u spomen srpskim \u017ertvama u ratu 1990-ih na podru\u010dju Srednjeg Podrinja i Bir\u010da, a to je osudio direktor Memorijalnog centra Poto\u010dari Emir Suljagi\u0107<\/p>\n","protected":false},"author":1,"featured_media":407416,"comment_status":"open","ping_status":"closed","sticky":false,"template":"","format":"standard","meta":{"_seopress_robots_primary_cat":"none","_seopress_titles_title":"","_seopress_titles_desc":"","_seopress_robots_index":"","_et_pb_use_builder":"","_et_pb_old_content":"","_et_gb_content_width":"","inline_featured_image":false,"footnotes":""},"categories":[14],"tags":[],"class_list":["post-407413","post","type-post","status-publish","format-standard","has-post-thumbnail","hentry","category-vijesti"],"_links":{"self":[{"href":"https:\/\/www.pcnen.com\/portal\/wp-json\/wp\/v2\/posts\/407413","targetHints":{"allow":["GET"]}}],"collection":[{"href":"https:\/\/www.pcnen.com\/portal\/wp-json\/wp\/v2\/posts"}],"about":[{"href":"https:\/\/www.pcnen.com\/portal\/wp-json\/wp\/v2\/types\/post"}],"author":[{"embeddable":true,"href":"https:\/\/www.pcnen.com\/portal\/wp-json\/wp\/v2\/users\/1"}],"replies":[{"embeddable":true,"href":"https:\/\/www.pcnen.com\/portal\/wp-json\/wp\/v2\/comments?post=407413"}],"version-history":[{"count":1,"href":"https:\/\/www.pcnen.com\/portal\/wp-json\/wp\/v2\/posts\/407413\/revisions"}],"predecessor-version":[{"id":407417,"href":"https:\/\/www.pcnen.com\/portal\/wp-json\/wp\/v2\/posts\/407413\/revisions\/407417"}],"wp:featuredmedia":[{"embeddable":true,"href":"https:\/\/www.pcnen.com\/portal\/wp-json\/wp\/v2\/media\/407416"}],"wp:attachment":[{"href":"https:\/\/www.pcnen.com\/portal\/wp-json\/wp\/v2\/media?parent=407413"}],"wp:term":[{"taxonomy":"category","embeddable":true,"href":"https:\/\/www.pcnen.com\/portal\/wp-json\/wp\/v2\/categories?post=407413"},{"taxonomy":"post_tag","embeddable":true,"href":"https:\/\/www.pcnen.com\/portal\/wp-json\/wp\/v2\/tags?post=407413"}],"curies":[{"name":"wp","href":"https:\/\/api.w.org\/{rel}","templated":true}]}}