{"id":407395,"date":"2024-07-16T22:14:45","date_gmt":"2024-07-16T20:14:45","guid":{"rendered":"https:\/\/www.pcnen.com\/portal\/?p=407395"},"modified":"2024-07-16T22:15:39","modified_gmt":"2024-07-16T20:15:39","slug":"rt-ubijena-sumnjiva-osoba-u-blizini-republikanske-konvencije-u-milvokiju","status":"publish","type":"post","link":"https:\/\/www.pcnen.com\/portal\/2024\/07\/16\/rt-ubijena-sumnjiva-osoba-u-blizini-republikanske-konvencije-u-milvokiju\/","title":{"rendered":"RT: Ubijena sumnjiva osoba u blizini Republikanske konvencije u Milvokiju"},"content":{"rendered":"<p>Policija u Milvokiju u Viskonsinu, gdje se trenutno odr\u017eava Konvencija Republikanske stranke SAD, upucala je &#8220;sumnjivu osobu&#8221; oko \u010detiri kilometra od mjesta doga\u0111aja, prenijeli su lokalni mediji.<\/p>\n<p>Lokalni novinar Den O'Donel je saop\u0161tio na svom profilu na platformi X da je upucana osoba preminula, prenosi RT Balkan.<\/p>\n<p>Mjere bezbjednosti u Milvokiju su poja\u010dane nakon poku\u0161aja atentata na republikanskog predsjedni\u010dkog kandidata Donalda Trampa.<\/p>\n<blockquote class=\"wp-embedded-content\" data-secret=\"7aAktBlJQY\"><p><a href=\"https:\/\/www.pcnen.com\/portal\/2024\/07\/14\/tramp-ranjen-na-skupu-u-pensilvaniji-napadac-ubijen-video\/\">Tramp ranjen na skupu u Pensilvaniji, napada\u010d ubijen (video)<\/a><\/p><\/blockquote>\n<p><iframe loading=\"lazy\" class=\"wp-embedded-content\" sandbox=\"allow-scripts\" security=\"restricted\" style=\"position: absolute; clip: rect(1px, 1px, 1px, 1px);\" title=\"&#8220;Tramp ranjen na skupu u Pensilvaniji, napada\u010d ubijen (video)&#8221; &#8212; PCNEN\" src=\"https:\/\/www.pcnen.com\/portal\/2024\/07\/14\/tramp-ranjen-na-skupu-u-pensilvaniji-napadac-ubijen-video\/embed\/#?secret=bVVj73LfLf#?secret=7aAktBlJQY\" data-secret=\"7aAktBlJQY\" width=\"600\" height=\"338\" frameborder=\"0\" marginwidth=\"0\" marginheight=\"0\" scrolling=\"no\"><\/iframe><\/p>\n","protected":false},"excerpt":{"rendered":"<p>Policija u Milvokiju u Viskonsinu, gdje se trenutno odr\u017eava Konvencija Republikanske stranke SAD, upucala je &#8220;sumnjivu osobu&#8221; oko \u010detiri kilometra od mjesta doga\u0111aja, prenijeli su lokalni mediji<\/p>\n","protected":false},"author":1,"featured_media":377175,"comment_status":"open","ping_status":"closed","sticky":false,"template":"","format":"standard","meta":{"_seopress_robots_primary_cat":"none","_seopress_titles_title":"","_seopress_titles_desc":"","_seopress_robots_index":"","_et_pb_use_builder":"","_et_pb_old_content":"","_et_gb_content_width":"","inline_featured_image":false,"footnotes":""},"categories":[14],"tags":[],"class_list":["post-407395","post","type-post","status-publish","format-standard","has-post-thumbnail","hentry","category-vijesti"],"_links":{"self":[{"href":"https:\/\/www.pcnen.com\/portal\/wp-json\/wp\/v2\/posts\/407395","targetHints":{"allow":["GET"]}}],"collection":[{"href":"https:\/\/www.pcnen.com\/portal\/wp-json\/wp\/v2\/posts"}],"about":[{"href":"https:\/\/www.pcnen.com\/portal\/wp-json\/wp\/v2\/types\/post"}],"author":[{"embeddable":true,"href":"https:\/\/www.pcnen.com\/portal\/wp-json\/wp\/v2\/users\/1"}],"replies":[{"embeddable":true,"href":"https:\/\/www.pcnen.com\/portal\/wp-json\/wp\/v2\/comments?post=407395"}],"version-history":[{"count":2,"href":"https:\/\/www.pcnen.com\/portal\/wp-json\/wp\/v2\/posts\/407395\/revisions"}],"predecessor-version":[{"id":407399,"href":"https:\/\/www.pcnen.com\/portal\/wp-json\/wp\/v2\/posts\/407395\/revisions\/407399"}],"wp:featuredmedia":[{"embeddable":true,"href":"https:\/\/www.pcnen.com\/portal\/wp-json\/wp\/v2\/media\/377175"}],"wp:attachment":[{"href":"https:\/\/www.pcnen.com\/portal\/wp-json\/wp\/v2\/media?parent=407395"}],"wp:term":[{"taxonomy":"category","embeddable":true,"href":"https:\/\/www.pcnen.com\/portal\/wp-json\/wp\/v2\/categories?post=407395"},{"taxonomy":"post_tag","embeddable":true,"href":"https:\/\/www.pcnen.com\/portal\/wp-json\/wp\/v2\/tags?post=407395"}],"curies":[{"name":"wp","href":"https:\/\/api.w.org\/{rel}","templated":true}]}}