{"id":407386,"date":"2024-07-16T21:03:29","date_gmt":"2024-07-16T19:03:29","guid":{"rendered":"https:\/\/www.pcnen.com\/portal\/?p=407386"},"modified":"2024-07-16T21:03:29","modified_gmt":"2024-07-16T19:03:29","slug":"sjutra-sjednica-vijeca-za-nacionalnu-bezbjednost-3","status":"publish","type":"post","link":"https:\/\/www.pcnen.com\/portal\/2024\/07\/16\/sjutra-sjednica-vijeca-za-nacionalnu-bezbjednost-3\/","title":{"rendered":"Sjutra sjednica Vije\u0107a za nacionalnu bezbjednost"},"content":{"rendered":"<p>Predsjednik Vlade Crne Gore Milojko Spaji\u0107 je\u00a0 za sjutra u 14 sati zakazao sjednicu Vije\u0107a za nacionalnu bezbijednost.<\/p>\n<p>Sjednica je zakazana u cilju razmatranja turisti\u010dke sezone, \u0161umarske mafije i bezbjednosti politi\u010dara i \u0161ti\u0107enih li\u010dnosti, kako bi se analizirali relevantni aspekti i donijele odgovaraju\u0107e odluke, pi\u0161e u saop\u0161tenju Vlade,<\/p>\n<p>Biv\u0161i predsjednik Crne Gore Milo \u0110ukanovi\u0107 je obavijestio crnogorske nadle\u017ene organe da je dobio informaciju da se na njega priprema atentat.<\/p>\n","protected":false},"excerpt":{"rendered":"<p>Predsjednik Vlade Crne Gore Milojko Spaji\u0107 je\u00a0 za sjutra u 14 sati zakazao sjednicu Vije\u0107a za nacionalnu bezbijednost.<\/p>\n","protected":false},"author":1,"featured_media":407389,"comment_status":"open","ping_status":"closed","sticky":false,"template":"","format":"standard","meta":{"_seopress_robots_primary_cat":"none","_seopress_titles_title":"","_seopress_titles_desc":"","_seopress_robots_index":"","_et_pb_use_builder":"","_et_pb_old_content":"","_et_gb_content_width":"","inline_featured_image":false,"footnotes":""},"categories":[14],"tags":[],"class_list":["post-407386","post","type-post","status-publish","format-standard","has-post-thumbnail","hentry","category-vijesti"],"_links":{"self":[{"href":"https:\/\/www.pcnen.com\/portal\/wp-json\/wp\/v2\/posts\/407386","targetHints":{"allow":["GET"]}}],"collection":[{"href":"https:\/\/www.pcnen.com\/portal\/wp-json\/wp\/v2\/posts"}],"about":[{"href":"https:\/\/www.pcnen.com\/portal\/wp-json\/wp\/v2\/types\/post"}],"author":[{"embeddable":true,"href":"https:\/\/www.pcnen.com\/portal\/wp-json\/wp\/v2\/users\/1"}],"replies":[{"embeddable":true,"href":"https:\/\/www.pcnen.com\/portal\/wp-json\/wp\/v2\/comments?post=407386"}],"version-history":[{"count":1,"href":"https:\/\/www.pcnen.com\/portal\/wp-json\/wp\/v2\/posts\/407386\/revisions"}],"predecessor-version":[{"id":407390,"href":"https:\/\/www.pcnen.com\/portal\/wp-json\/wp\/v2\/posts\/407386\/revisions\/407390"}],"wp:featuredmedia":[{"embeddable":true,"href":"https:\/\/www.pcnen.com\/portal\/wp-json\/wp\/v2\/media\/407389"}],"wp:attachment":[{"href":"https:\/\/www.pcnen.com\/portal\/wp-json\/wp\/v2\/media?parent=407386"}],"wp:term":[{"taxonomy":"category","embeddable":true,"href":"https:\/\/www.pcnen.com\/portal\/wp-json\/wp\/v2\/categories?post=407386"},{"taxonomy":"post_tag","embeddable":true,"href":"https:\/\/www.pcnen.com\/portal\/wp-json\/wp\/v2\/tags?post=407386"}],"curies":[{"name":"wp","href":"https:\/\/api.w.org\/{rel}","templated":true}]}}