{"id":407372,"date":"2024-07-16T19:31:57","date_gmt":"2024-07-16T17:31:57","guid":{"rendered":"https:\/\/www.pcnen.com\/portal\/?p=407372"},"modified":"2024-07-16T19:32:44","modified_gmt":"2024-07-16T17:32:44","slug":"n1-sefcovic-dolazi-u-beograd-sa-solcom-i-potpisuje-sporazum-o-litijumu","status":"publish","type":"post","link":"https:\/\/www.pcnen.com\/portal\/2024\/07\/16\/n1-sefcovic-dolazi-u-beograd-sa-solcom-i-potpisuje-sporazum-o-litijumu\/","title":{"rendered":"N1: \u0160ef\u010dovi\u010d dolazi u Beograd sa \u0160olcom i potpisuje sporazum o litijumu"},"content":{"rendered":"<p>Evropski komesar za energetiku Maro\u0161 \u0160ef\u010dovi\u010d sa njema\u010dkim kancelarom Olafom \u0160olcom dolazi u petak u Beograd kako bi sa Srbijom potpisao Memorandum o razumkjevanju o strate\u0161kom partnerstvu o odr\u017eivim sirovinama, lancima proizvodnje baterija i elektri\u010dnim vozilima, objavila je danas televizija N1 pozivaju\u0107i se na svoja saznanja, prenosi prtal Krstarica.<\/p>\n<p>Poseta \u0160olca i \u0160ef\u010dovi\u010da nije zvani\u010dno najavljena.<\/p>\n<p>Novinar njema\u010dkog FAZ-a Mihael Martens je objavio ju\u010de na dru\u0161tvenoj mre\u017ei X da je nekoliko izvora u Berlinu potvrdilo da postoje konkretni, ali jo\u0161 ne i kona\u010dni planovi za skora\u0161nju posjetu njema\u010dkog kancelara Olafa \u0160olca Srbiji, navode\u0107i da \u0107e tema biti litijum za njema\u010dku automobilsku industriju.<\/p>\n<p>\u0160ef\u010dovi\u010d je krajem maja najavio skori sporazum o litijumu sa Srbijom, rekav\u0161i da se razgovara o poslednjim zakonskim preprekama za sklapanje trgovinskog partnerstva Srbije i EU za snabdijevanje litijumom iz Jadra.<\/p>\n<p><a href=\"https:\/\/www.pcnen.com\/portal\/?s=jadar\" target=\"_blank\" rel=\"noopener\">VEZANE VIJESTI<\/a><\/p>\n","protected":false},"excerpt":{"rendered":"<p>Evropski komesar za energetiku Maro\u0161 \u0160ef\u010dovi\u010d sa njema\u010dkim kancelarom Olafom \u0160olcom dolazi u petak u Beograd kako bi sa Srbijom potpisao Memorandum o razumkjevanju o strate\u0161kom partnerstvu o odr\u017eivim sirovinama, lancima proizvodnje baterija i elektri\u010dnim vozilima<\/p>\n","protected":false},"author":1,"featured_media":325370,"comment_status":"open","ping_status":"closed","sticky":false,"template":"","format":"standard","meta":{"_seopress_robots_primary_cat":"none","_seopress_titles_title":"","_seopress_titles_desc":"","_seopress_robots_index":"","_et_pb_use_builder":"","_et_pb_old_content":"","_et_gb_content_width":"","inline_featured_image":false,"footnotes":""},"categories":[14],"tags":[],"class_list":["post-407372","post","type-post","status-publish","format-standard","has-post-thumbnail","hentry","category-vijesti"],"_links":{"self":[{"href":"https:\/\/www.pcnen.com\/portal\/wp-json\/wp\/v2\/posts\/407372","targetHints":{"allow":["GET"]}}],"collection":[{"href":"https:\/\/www.pcnen.com\/portal\/wp-json\/wp\/v2\/posts"}],"about":[{"href":"https:\/\/www.pcnen.com\/portal\/wp-json\/wp\/v2\/types\/post"}],"author":[{"embeddable":true,"href":"https:\/\/www.pcnen.com\/portal\/wp-json\/wp\/v2\/users\/1"}],"replies":[{"embeddable":true,"href":"https:\/\/www.pcnen.com\/portal\/wp-json\/wp\/v2\/comments?post=407372"}],"version-history":[{"count":2,"href":"https:\/\/www.pcnen.com\/portal\/wp-json\/wp\/v2\/posts\/407372\/revisions"}],"predecessor-version":[{"id":407376,"href":"https:\/\/www.pcnen.com\/portal\/wp-json\/wp\/v2\/posts\/407372\/revisions\/407376"}],"wp:featuredmedia":[{"embeddable":true,"href":"https:\/\/www.pcnen.com\/portal\/wp-json\/wp\/v2\/media\/325370"}],"wp:attachment":[{"href":"https:\/\/www.pcnen.com\/portal\/wp-json\/wp\/v2\/media?parent=407372"}],"wp:term":[{"taxonomy":"category","embeddable":true,"href":"https:\/\/www.pcnen.com\/portal\/wp-json\/wp\/v2\/categories?post=407372"},{"taxonomy":"post_tag","embeddable":true,"href":"https:\/\/www.pcnen.com\/portal\/wp-json\/wp\/v2\/tags?post=407372"}],"curies":[{"name":"wp","href":"https:\/\/api.w.org\/{rel}","templated":true}]}}