{"id":407368,"date":"2024-07-16T19:02:48","date_gmt":"2024-07-16T17:02:48","guid":{"rendered":"https:\/\/www.pcnen.com\/portal\/?p=407368"},"modified":"2024-07-16T19:02:48","modified_gmt":"2024-07-16T17:02:48","slug":"pripadnik-ovk-salja-osudjen-u-hagu-na-18-godina-zatvora","status":"publish","type":"post","link":"https:\/\/www.pcnen.com\/portal\/2024\/07\/16\/pripadnik-ovk-salja-osudjen-u-hagu-na-18-godina-zatvora\/","title":{"rendered":"Pripadnik OVK \u0160alja osu\u0111en u Hagu na 18 godina zatvora"},"content":{"rendered":"<p>Specijalizovana vije\u0107a Kosova u Hagu su osudila danas pripadnika OVK Pjetra \u0160alju (61)\u00a0 na 18 godina zatvora zbog zlo\u010dina koji su po\u010dinjeni u ilegalnom logoru OVK u Kuke\u0161u na sjeveru Albanije.<\/p>\n<p>Kako je navela je sudija Specijalizovanih ve\u0107a Kosova u Hagu, \u0160alja je imao umi\u0161ljaj i li\u010dno doprinio izvr\u0161enju krivi\u010dnih djela koja mu se stvaljaju na teret.<\/p>\n<p>Kako je pro\u010ditala sudija, on je osu\u0111en krivim na osnovu 14 i 1C i 16 i 1A Zakona, te da je \u0160alja\u00a0 kriv po ta\u010dkama 1,3 i 4 za izvr\u0161enje krivi\u010dnog dela li\u0161avanja slobode najmanje 18 lica, mu\u010denje kao ratni zlo\u010din, i ubistvo kao ratni zlo\u010din kao t\u010dka 4. jednog lica u fabrici metala u Kuke\u0161u.<\/p>\n<p>Na osnovu dokaza, Panel je danas naveo da je zaklju\u010dio da je najmanje 18 lica \u010dije identitet utvr\u0111en bilo li\u0161eno slobode od strane pripadnika OVK u fabrici metala u Kuke\u0161, pribli\u017eno od 17. maja do 5. juna 1999, te naveli da to pokazuju. Zatvorenici su bili te\u0161ko zlostavljeni od strane pripadnika OVK me\u0111u kojima je bio i \u0160alja. Kada su u pitanju ta\u010dke 2 i 3 optu\u017enice surovo postupanje i mu\u010denje, Panel je zaklju\u010dio da je sa zatvorenicima surovo postupano, fizi\u010dki su zlostavljeni i maltretirani, <a href=\"https:\/\/www.euronews.rs\/srbija\/aktuelno\/130186\/specijalizovana-veca-kosova-u-hagu-proglasila-salju-krivim-za-ratne-zlocine-osuden-na-18-godina-zatvora\/vest\" target=\"_blank\" rel=\"noopener\">prenosi<\/a> Euronews.rs.<\/p>\n<p>&nbsp;<\/p>\n","protected":false},"excerpt":{"rendered":"<p>Specijalizovana vije\u0107a Kosova u Hagu su osudila danas pripadnika OVK Pjetra \u0160alju (61)\u00a0 na 18 godina zatvora zbog zlo\u010dina koji su po\u010dinjeni u ilegalnom logoru OVK u Kuke\u0161u na sjeveru Albanije.<\/p>\n","protected":false},"author":1,"featured_media":284302,"comment_status":"open","ping_status":"closed","sticky":false,"template":"","format":"standard","meta":{"_seopress_robots_primary_cat":"none","_seopress_titles_title":"","_seopress_titles_desc":"","_seopress_robots_index":"","_et_pb_use_builder":"","_et_pb_old_content":"","_et_gb_content_width":"","inline_featured_image":false,"footnotes":""},"categories":[14],"tags":[],"class_list":["post-407368","post","type-post","status-publish","format-standard","has-post-thumbnail","hentry","category-vijesti"],"_links":{"self":[{"href":"https:\/\/www.pcnen.com\/portal\/wp-json\/wp\/v2\/posts\/407368","targetHints":{"allow":["GET"]}}],"collection":[{"href":"https:\/\/www.pcnen.com\/portal\/wp-json\/wp\/v2\/posts"}],"about":[{"href":"https:\/\/www.pcnen.com\/portal\/wp-json\/wp\/v2\/types\/post"}],"author":[{"embeddable":true,"href":"https:\/\/www.pcnen.com\/portal\/wp-json\/wp\/v2\/users\/1"}],"replies":[{"embeddable":true,"href":"https:\/\/www.pcnen.com\/portal\/wp-json\/wp\/v2\/comments?post=407368"}],"version-history":[{"count":1,"href":"https:\/\/www.pcnen.com\/portal\/wp-json\/wp\/v2\/posts\/407368\/revisions"}],"predecessor-version":[{"id":407371,"href":"https:\/\/www.pcnen.com\/portal\/wp-json\/wp\/v2\/posts\/407368\/revisions\/407371"}],"wp:featuredmedia":[{"embeddable":true,"href":"https:\/\/www.pcnen.com\/portal\/wp-json\/wp\/v2\/media\/284302"}],"wp:attachment":[{"href":"https:\/\/www.pcnen.com\/portal\/wp-json\/wp\/v2\/media?parent=407368"}],"wp:term":[{"taxonomy":"category","embeddable":true,"href":"https:\/\/www.pcnen.com\/portal\/wp-json\/wp\/v2\/categories?post=407368"},{"taxonomy":"post_tag","embeddable":true,"href":"https:\/\/www.pcnen.com\/portal\/wp-json\/wp\/v2\/tags?post=407368"}],"curies":[{"name":"wp","href":"https:\/\/api.w.org\/{rel}","templated":true}]}}