{"id":407362,"date":"2024-07-16T16:40:56","date_gmt":"2024-07-16T14:40:56","guid":{"rendered":"https:\/\/www.pcnen.com\/portal\/?p=407362"},"modified":"2024-07-16T16:40:56","modified_gmt":"2024-07-16T14:40:56","slug":"vuksanu-radonjicu-sest-mjeseci-kucnog-zatvora","status":"publish","type":"post","link":"https:\/\/www.pcnen.com\/portal\/2024\/07\/16\/vuksanu-radonjicu-sest-mjeseci-kucnog-zatvora\/","title":{"rendered":"Vuksanu Radonji\u0107u \u0161est mjeseci ku\u0107nog zatvora"},"content":{"rendered":"<p>Vlasnik firme &#8220;Trudbenik&#8221;, Vuksan Radonji\u0107 osu\u0111en je na \u0161est mjeseci ku\u0107nog zatvora jer je ugrozio sigurnost novinaru TV Vijesti Nikoli Milosavi\u0107u Aleksi\u0107u.<\/p>\n<p>Presudu je u podgori\u010dkom Osnovnom sudu izrekao sudija Goran \u0110ukovi\u0107, koji je Radonji\u0107u odredio i mjeru obaveznog psihijatrijskog lije\u010denja na slobodi, koje mo\u017ee trajati dok postoji potreba, a najdu\u017ee tri godine.<\/p>\n<p>Radonji\u0107 je uhap\u0161en krajem novembra pro\u0161le godine, nakon \u0161to je novinaru TV Vijesti, u telefonskom razgovoru prijetio da \u0107e mu &#8220;otkinuti glavu&#8221; i da mu ne padne na pamet da objavljuje bilo \u0161ta u vezi sa njim i njegovim restoranom.<\/p>\n<p>Milosavi\u0107 Aleksi\u0107 je od njega tra\u017eio obja\u0161njenje u vezi sa mogu\u0107im nepravilnostima u radu njegovog restorana &#8220;Balkan&#8221;, \u0161to mu je bilo neophodno za dokumentarnu emisiju o podgori\u010dkom Vodovodu.<\/p>\n<blockquote class=\"wp-embedded-content\" data-secret=\"osivFBkWFB\"><p><a href=\"https:\/\/www.pcnen.com\/portal\/2023\/11\/29\/priveden-zbog-prijetnji-novinaru-tv-vijesti\/\">Priveden zbog prijetnji novinaru TV Vijesti<\/a><\/p><\/blockquote>\n<p><iframe loading=\"lazy\" class=\"wp-embedded-content\" sandbox=\"allow-scripts\" security=\"restricted\" style=\"position: absolute; clip: rect(1px, 1px, 1px, 1px);\" title=\"&#8220;Priveden zbog prijetnji novinaru TV Vijesti&#8221; &#8212; PCNEN\" src=\"https:\/\/www.pcnen.com\/portal\/2023\/11\/29\/priveden-zbog-prijetnji-novinaru-tv-vijesti\/embed\/#?secret=pUnxFnhi2v#?secret=osivFBkWFB\" data-secret=\"osivFBkWFB\" width=\"600\" height=\"338\" frameborder=\"0\" marginwidth=\"0\" marginheight=\"0\" scrolling=\"no\"><\/iframe><\/p>\n","protected":false},"excerpt":{"rendered":"<p>Vlasnik firme &#8220;Trudbenik&#8221;, Vuksan Radonji\u0107 osu\u0111en je na \u0161est mjeseci ku\u0107nog zatvora jer je ugrozio sigurnost novinaru TV Vijesti Nikoli Milosavi\u0107u Aleksi\u0107u.<\/p>\n","protected":false},"author":1,"featured_media":407365,"comment_status":"open","ping_status":"closed","sticky":false,"template":"","format":"standard","meta":{"_seopress_robots_primary_cat":"none","_seopress_titles_title":"","_seopress_titles_desc":"","_seopress_robots_index":"","_et_pb_use_builder":"","_et_pb_old_content":"","_et_gb_content_width":"","inline_featured_image":false,"footnotes":""},"categories":[14],"tags":[],"class_list":["post-407362","post","type-post","status-publish","format-standard","has-post-thumbnail","hentry","category-vijesti"],"_links":{"self":[{"href":"https:\/\/www.pcnen.com\/portal\/wp-json\/wp\/v2\/posts\/407362","targetHints":{"allow":["GET"]}}],"collection":[{"href":"https:\/\/www.pcnen.com\/portal\/wp-json\/wp\/v2\/posts"}],"about":[{"href":"https:\/\/www.pcnen.com\/portal\/wp-json\/wp\/v2\/types\/post"}],"author":[{"embeddable":true,"href":"https:\/\/www.pcnen.com\/portal\/wp-json\/wp\/v2\/users\/1"}],"replies":[{"embeddable":true,"href":"https:\/\/www.pcnen.com\/portal\/wp-json\/wp\/v2\/comments?post=407362"}],"version-history":[{"count":1,"href":"https:\/\/www.pcnen.com\/portal\/wp-json\/wp\/v2\/posts\/407362\/revisions"}],"predecessor-version":[{"id":407366,"href":"https:\/\/www.pcnen.com\/portal\/wp-json\/wp\/v2\/posts\/407362\/revisions\/407366"}],"wp:featuredmedia":[{"embeddable":true,"href":"https:\/\/www.pcnen.com\/portal\/wp-json\/wp\/v2\/media\/407365"}],"wp:attachment":[{"href":"https:\/\/www.pcnen.com\/portal\/wp-json\/wp\/v2\/media?parent=407362"}],"wp:term":[{"taxonomy":"category","embeddable":true,"href":"https:\/\/www.pcnen.com\/portal\/wp-json\/wp\/v2\/categories?post=407362"},{"taxonomy":"post_tag","embeddable":true,"href":"https:\/\/www.pcnen.com\/portal\/wp-json\/wp\/v2\/tags?post=407362"}],"curies":[{"name":"wp","href":"https:\/\/api.w.org\/{rel}","templated":true}]}}