{"id":407358,"date":"2024-07-16T16:26:02","date_gmt":"2024-07-16T14:26:02","guid":{"rendered":"https:\/\/www.pcnen.com\/portal\/?p=407358"},"modified":"2024-07-16T16:26:02","modified_gmt":"2024-07-16T14:26:02","slug":"katnic-ponovo-strajkuje-zedju","status":"publish","type":"post","link":"https:\/\/www.pcnen.com\/portal\/2024\/07\/16\/katnic-ponovo-strajkuje-zedju\/","title":{"rendered":"Katni\u0107 ponovo \u0161trajkuje \u017ee\u0111u"},"content":{"rendered":"<p>Biv\u0161i glavni specijalni tu\u017eilac Milivoje Katni\u0107 ponovo je po\u010deo \u0161trajk \u017ee\u0111u. On je o svom naumu obavijestio upravu spu\u0161kog zatvora, re\u010deno je Vijestima nezvani\u010dno iz Uprave za izvr\u0161enje krivi\u010dnih sankcija (UIKS).<\/p>\n<p>Osumnji\u010den da je slu\u017ebeni polo\u017eaj podredio zlo\u010dina\u010dkom kava\u010dkom klanu krajem maja prekinuo je \u0161trajk \u017ee\u0111u i tra\u017eio vodu, sokove, jogurt, ali i da primi infuziju \u0161to je odmah i ura\u0111eno.<\/p>\n<p>&#8220;Do danas, hranio se isklju\u010divo na taj na\u010din&#8221;, re\u010deno je Vijestima iz UIKS-a.<\/p>\n<p>Katni\u0107 je uhap\u0161en 14. aprila po nalogu Specijalnog dr\u017eavnog tu\u017eila\u0161tva, odnosno, specijalnog tu\u017eioca Milo\u0161a \u0160o\u0161ki\u0107a.<\/p>\n<p>Njemu i nekada\u0161njem pomo\u0107niku direktora Uprave policije Zoranu Lazovi\u0107u, tog dana lisice na ruke stavili su slu\u017ebenici Specijalnog policijskog odjeljenja, kojim rukovodi Predrag \u0160ukovi\u0107.<\/p>\n<p>Katni\u0107u i Lazovi\u0107u 12. jula produ\u017een je pritvor.<\/p>\n<blockquote class=\"wp-embedded-content\" data-secret=\"5nhzShJ157\"><p><a href=\"https:\/\/www.pcnen.com\/portal\/2024\/07\/12\/lazovicu-i-katnicu-produzen-pritvor\/\">Lazovi\u0107u i Katni\u0107u produ\u017een pritvor<\/a><\/p><\/blockquote>\n<p><iframe loading=\"lazy\" class=\"wp-embedded-content\" sandbox=\"allow-scripts\" security=\"restricted\" style=\"position: absolute; clip: rect(1px, 1px, 1px, 1px);\" title=\"&#8220;Lazovi\u0107u i Katni\u0107u produ\u017een pritvor&#8221; &#8212; PCNEN\" src=\"https:\/\/www.pcnen.com\/portal\/2024\/07\/12\/lazovicu-i-katnicu-produzen-pritvor\/embed\/#?secret=EnQMd6JVnF#?secret=5nhzShJ157\" data-secret=\"5nhzShJ157\" width=\"600\" height=\"338\" frameborder=\"0\" marginwidth=\"0\" marginheight=\"0\" scrolling=\"no\"><\/iframe><\/p>\n","protected":false},"excerpt":{"rendered":"<p>Biv\u0161i glavni specijalni tu\u017eilac Milivoje Katni\u0107 ponovo je po\u010deo \u0161trajk \u017ee\u0111u. On je o svom naumu obavijestio upravu spu\u0161kog zatvora, re\u010deno je Vijestima nezvani\u010dno iz Uprave za izvr\u0161enje krivi\u010dnih sankcija (UIKS).<\/p>\n","protected":false},"author":1,"featured_media":404335,"comment_status":"open","ping_status":"closed","sticky":false,"template":"","format":"standard","meta":{"_seopress_robots_primary_cat":"none","_seopress_titles_title":"","_seopress_titles_desc":"","_seopress_robots_index":"","_et_pb_use_builder":"","_et_pb_old_content":"","_et_gb_content_width":"","inline_featured_image":false,"footnotes":""},"categories":[14],"tags":[],"class_list":["post-407358","post","type-post","status-publish","format-standard","has-post-thumbnail","hentry","category-vijesti"],"_links":{"self":[{"href":"https:\/\/www.pcnen.com\/portal\/wp-json\/wp\/v2\/posts\/407358","targetHints":{"allow":["GET"]}}],"collection":[{"href":"https:\/\/www.pcnen.com\/portal\/wp-json\/wp\/v2\/posts"}],"about":[{"href":"https:\/\/www.pcnen.com\/portal\/wp-json\/wp\/v2\/types\/post"}],"author":[{"embeddable":true,"href":"https:\/\/www.pcnen.com\/portal\/wp-json\/wp\/v2\/users\/1"}],"replies":[{"embeddable":true,"href":"https:\/\/www.pcnen.com\/portal\/wp-json\/wp\/v2\/comments?post=407358"}],"version-history":[{"count":1,"href":"https:\/\/www.pcnen.com\/portal\/wp-json\/wp\/v2\/posts\/407358\/revisions"}],"predecessor-version":[{"id":407361,"href":"https:\/\/www.pcnen.com\/portal\/wp-json\/wp\/v2\/posts\/407358\/revisions\/407361"}],"wp:featuredmedia":[{"embeddable":true,"href":"https:\/\/www.pcnen.com\/portal\/wp-json\/wp\/v2\/media\/404335"}],"wp:attachment":[{"href":"https:\/\/www.pcnen.com\/portal\/wp-json\/wp\/v2\/media?parent=407358"}],"wp:term":[{"taxonomy":"category","embeddable":true,"href":"https:\/\/www.pcnen.com\/portal\/wp-json\/wp\/v2\/categories?post=407358"},{"taxonomy":"post_tag","embeddable":true,"href":"https:\/\/www.pcnen.com\/portal\/wp-json\/wp\/v2\/tags?post=407358"}],"curies":[{"name":"wp","href":"https:\/\/api.w.org\/{rel}","templated":true}]}}