{"id":407347,"date":"2024-07-16T13:41:16","date_gmt":"2024-07-16T11:41:16","guid":{"rendered":"https:\/\/www.pcnen.com\/portal\/?p=407347"},"modified":"2024-07-16T14:26:52","modified_gmt":"2024-07-16T12:26:52","slug":"veceras-otvaranje-pomorske-veze-izmedju-bara-i-barija","status":"publish","type":"post","link":"https:\/\/www.pcnen.com\/portal\/2024\/07\/16\/veceras-otvaranje-pomorske-veze-izmedju-bara-i-barija\/","title":{"rendered":"Ve\u010deras otvaranje pomorske veze izme\u0111u Bara i Barija"},"content":{"rendered":"<p>Obnovljena pomorska linija izme\u0111u Crne Gore i Italije ve\u010deras po\u010dinje sa radom, saop\u0161teno je danas Iz Vlade Crne Gore.<\/p>\n<p>\u201cTom prilikom na brodu kompanije Adria Ferries bi\u0107e uprili\u010den koktel, na kom \u0107e se prisutnima obratiti predsjednik Vlade Crne Gore Milojko Spaji\u0107, ambasadorka Italije Andreina Marsela, kao i \u010delnici italijanske kompanije Albert Rosi i Mauro Maja\u201d, navodi se u saop\u0161tenju.<\/p>\n<p>Feribot AF MIA, uplovi\u0107e u barsku Luku oko 19:30h.<\/p>\n<p>Ponovno uspostavljenje pomorske veze izme\u0111u Bara i Barija uslijedilo je nakon dvije godine pauze.<\/p>\n","protected":false},"excerpt":{"rendered":"<p>Obnovljena pomorska linija izme\u0111u Crne Gore i Italije ve\u010deras po\u010dinje sa radom, saop\u0161teno je danas Iz Vlade Crne Gore.<\/p>\n","protected":false},"author":1,"featured_media":407351,"comment_status":"open","ping_status":"closed","sticky":false,"template":"","format":"standard","meta":{"_seopress_robots_primary_cat":"none","_seopress_titles_title":"","_seopress_titles_desc":"","_seopress_robots_index":"","_et_pb_use_builder":"","_et_pb_old_content":"","_et_gb_content_width":"","inline_featured_image":false,"footnotes":""},"categories":[14],"tags":[],"class_list":["post-407347","post","type-post","status-publish","format-standard","has-post-thumbnail","hentry","category-vijesti"],"_links":{"self":[{"href":"https:\/\/www.pcnen.com\/portal\/wp-json\/wp\/v2\/posts\/407347","targetHints":{"allow":["GET"]}}],"collection":[{"href":"https:\/\/www.pcnen.com\/portal\/wp-json\/wp\/v2\/posts"}],"about":[{"href":"https:\/\/www.pcnen.com\/portal\/wp-json\/wp\/v2\/types\/post"}],"author":[{"embeddable":true,"href":"https:\/\/www.pcnen.com\/portal\/wp-json\/wp\/v2\/users\/1"}],"replies":[{"embeddable":true,"href":"https:\/\/www.pcnen.com\/portal\/wp-json\/wp\/v2\/comments?post=407347"}],"version-history":[{"count":3,"href":"https:\/\/www.pcnen.com\/portal\/wp-json\/wp\/v2\/posts\/407347\/revisions"}],"predecessor-version":[{"id":407353,"href":"https:\/\/www.pcnen.com\/portal\/wp-json\/wp\/v2\/posts\/407347\/revisions\/407353"}],"wp:featuredmedia":[{"embeddable":true,"href":"https:\/\/www.pcnen.com\/portal\/wp-json\/wp\/v2\/media\/407351"}],"wp:attachment":[{"href":"https:\/\/www.pcnen.com\/portal\/wp-json\/wp\/v2\/media?parent=407347"}],"wp:term":[{"taxonomy":"category","embeddable":true,"href":"https:\/\/www.pcnen.com\/portal\/wp-json\/wp\/v2\/categories?post=407347"},{"taxonomy":"post_tag","embeddable":true,"href":"https:\/\/www.pcnen.com\/portal\/wp-json\/wp\/v2\/tags?post=407347"}],"curies":[{"name":"wp","href":"https:\/\/api.w.org\/{rel}","templated":true}]}}