{"id":407337,"date":"2024-07-16T12:02:56","date_gmt":"2024-07-16T10:02:56","guid":{"rendered":"https:\/\/www.pcnen.com\/portal\/?p=407337"},"modified":"2024-07-16T12:03:14","modified_gmt":"2024-07-16T10:03:14","slug":"upravni-sud-ponistio-rjesenje-vlade-o-razrjesenju-kurtija","status":"publish","type":"post","link":"https:\/\/www.pcnen.com\/portal\/2024\/07\/16\/upravni-sud-ponistio-rjesenje-vlade-o-razrjesenju-kurtija\/","title":{"rendered":"Upravni sud poni\u0161tio rje\u0161enje Vlade o razrje\u0161enju Kurtija"},"content":{"rendered":"<p>Upravni sud poni\u0161tio je rje\u0161enje Vlade Crne Gore kojim je Artan Kurti razrije\u0161en sa mjesta generalnog inspektora Agencije za nacionalnu bezbjednost (ANB).<\/p>\n<p>Vlada Crne Gore je 18. aprila donijela Rje\u0161enje o razrje\u0161enju Kurtija, prenose Vijesti.<\/p>\n<p>Kurti je u maju podnio krivi\u010dnu prijavu protiv premijera Milojka Spaji\u0107a, u kojoj tvrdi da je predsjednik Vlade zloupotrijebio slu\u017ebeni polo\u017eaj kada ga je drugi put razrije\u0161io du\u017enosti.<\/p>\n<p>Upravni sud je i 3. aprila poni\u0161tio rje\u0161enje Vlade kojim je Kurti razrije\u0161en, nakon \u0161to ga je Vlada prvi put smijenila u novembru 2023. godine.<\/p>\n","protected":false},"excerpt":{"rendered":"<p>Upravni sud poni\u0161tio je rje\u0161enje Vlade Crne Gore kojim je Artan Kurti razrije\u0161en sa mjesta generalnog inspektora Agencije za nacionalnu bezbjednost (ANB).<\/p>\n","protected":false},"author":1,"featured_media":280310,"comment_status":"open","ping_status":"closed","sticky":false,"template":"","format":"standard","meta":{"_seopress_robots_primary_cat":"none","_seopress_titles_title":"","_seopress_titles_desc":"","_seopress_robots_index":"","_et_pb_use_builder":"","_et_pb_old_content":"","_et_gb_content_width":"","inline_featured_image":false,"footnotes":""},"categories":[14],"tags":[],"class_list":["post-407337","post","type-post","status-publish","format-standard","has-post-thumbnail","hentry","category-vijesti"],"_links":{"self":[{"href":"https:\/\/www.pcnen.com\/portal\/wp-json\/wp\/v2\/posts\/407337","targetHints":{"allow":["GET"]}}],"collection":[{"href":"https:\/\/www.pcnen.com\/portal\/wp-json\/wp\/v2\/posts"}],"about":[{"href":"https:\/\/www.pcnen.com\/portal\/wp-json\/wp\/v2\/types\/post"}],"author":[{"embeddable":true,"href":"https:\/\/www.pcnen.com\/portal\/wp-json\/wp\/v2\/users\/1"}],"replies":[{"embeddable":true,"href":"https:\/\/www.pcnen.com\/portal\/wp-json\/wp\/v2\/comments?post=407337"}],"version-history":[{"count":2,"href":"https:\/\/www.pcnen.com\/portal\/wp-json\/wp\/v2\/posts\/407337\/revisions"}],"predecessor-version":[{"id":407341,"href":"https:\/\/www.pcnen.com\/portal\/wp-json\/wp\/v2\/posts\/407337\/revisions\/407341"}],"wp:featuredmedia":[{"embeddable":true,"href":"https:\/\/www.pcnen.com\/portal\/wp-json\/wp\/v2\/media\/280310"}],"wp:attachment":[{"href":"https:\/\/www.pcnen.com\/portal\/wp-json\/wp\/v2\/media?parent=407337"}],"wp:term":[{"taxonomy":"category","embeddable":true,"href":"https:\/\/www.pcnen.com\/portal\/wp-json\/wp\/v2\/categories?post=407337"},{"taxonomy":"post_tag","embeddable":true,"href":"https:\/\/www.pcnen.com\/portal\/wp-json\/wp\/v2\/tags?post=407337"}],"curies":[{"name":"wp","href":"https:\/\/api.w.org\/{rel}","templated":true}]}}