{"id":407302,"date":"2024-07-15T20:27:00","date_gmt":"2024-07-15T18:27:00","guid":{"rendered":"https:\/\/www.pcnen.com\/portal\/?p=407302"},"modified":"2024-07-15T20:27:00","modified_gmt":"2024-07-15T18:27:00","slug":"i-u-utorak-do-41-stepen","status":"publish","type":"post","link":"https:\/\/www.pcnen.com\/portal\/2024\/07\/15\/i-u-utorak-do-41-stepen\/","title":{"rendered":"I u utorak do 41 stepen"},"content":{"rendered":"<p>U utorak \u0107e u Crnoj Gori biti prete\u017eno sun\u010dano i vru\u0107e.<\/p>\n<p>Poslijepodne \u0107e do\u0107i do razvoja obla\u010dnosti, a u planinama na sjeveru, uz ne\u0161to vi\u0161e oblaka, ponegdje je mogu\u0107a kratkotrjna nestabilnost.<\/p>\n<p>Vjetar uglavnom slab do umjeren bi\u0107e promjenljivog smjera.<\/p>\n<p>Jutarnja temperatura vazduha kreta\u0107e se od 15 do 26, najvi\u0161a dnevna od 31 do 41 stepen.<br \/>\nI u Podgorici \u0107e biti prete\u017eno sun\u010dano i vru\u0107e.<\/p>\n<p>Vjetar slab do umjeren i promjenljiv.<\/p>\n<p>Jutarnja temperatura vazduha bi\u0107e oko 26, najvi\u0161a dnevna do 41 stepen.<\/p>\n","protected":false},"excerpt":{"rendered":"<p>U utorak \u0107e u Crnoj Gori biti prete\u017eno sun\u010dano i vru\u0107e.<\/p>\n","protected":false},"author":1,"featured_media":407305,"comment_status":"open","ping_status":"closed","sticky":false,"template":"","format":"standard","meta":{"_seopress_robots_primary_cat":"none","_seopress_titles_title":"","_seopress_titles_desc":"","_seopress_robots_index":"","_et_pb_use_builder":"","_et_pb_old_content":"","_et_gb_content_width":"","inline_featured_image":false,"footnotes":""},"categories":[14],"tags":[],"class_list":["post-407302","post","type-post","status-publish","format-standard","has-post-thumbnail","hentry","category-vijesti"],"_links":{"self":[{"href":"https:\/\/www.pcnen.com\/portal\/wp-json\/wp\/v2\/posts\/407302","targetHints":{"allow":["GET"]}}],"collection":[{"href":"https:\/\/www.pcnen.com\/portal\/wp-json\/wp\/v2\/posts"}],"about":[{"href":"https:\/\/www.pcnen.com\/portal\/wp-json\/wp\/v2\/types\/post"}],"author":[{"embeddable":true,"href":"https:\/\/www.pcnen.com\/portal\/wp-json\/wp\/v2\/users\/1"}],"replies":[{"embeddable":true,"href":"https:\/\/www.pcnen.com\/portal\/wp-json\/wp\/v2\/comments?post=407302"}],"version-history":[{"count":1,"href":"https:\/\/www.pcnen.com\/portal\/wp-json\/wp\/v2\/posts\/407302\/revisions"}],"predecessor-version":[{"id":407306,"href":"https:\/\/www.pcnen.com\/portal\/wp-json\/wp\/v2\/posts\/407302\/revisions\/407306"}],"wp:featuredmedia":[{"embeddable":true,"href":"https:\/\/www.pcnen.com\/portal\/wp-json\/wp\/v2\/media\/407305"}],"wp:attachment":[{"href":"https:\/\/www.pcnen.com\/portal\/wp-json\/wp\/v2\/media?parent=407302"}],"wp:term":[{"taxonomy":"category","embeddable":true,"href":"https:\/\/www.pcnen.com\/portal\/wp-json\/wp\/v2\/categories?post=407302"},{"taxonomy":"post_tag","embeddable":true,"href":"https:\/\/www.pcnen.com\/portal\/wp-json\/wp\/v2\/tags?post=407302"}],"curies":[{"name":"wp","href":"https:\/\/api.w.org\/{rel}","templated":true}]}}