{"id":407271,"date":"2024-07-15T11:37:27","date_gmt":"2024-07-15T09:37:27","guid":{"rendered":"https:\/\/www.pcnen.com\/portal\/?p=407271"},"modified":"2024-07-15T11:37:27","modified_gmt":"2024-07-15T09:37:27","slug":"orban-predao-evropskim-liderima-plan-za-rjesavanje-sukoba-u-ukrajini","status":"publish","type":"post","link":"https:\/\/www.pcnen.com\/portal\/2024\/07\/15\/orban-predao-evropskim-liderima-plan-za-rjesavanje-sukoba-u-ukrajini\/","title":{"rendered":"Orban predao evropskim liderima plan za rje\u0161avanje sukoba u Ukrajini"},"content":{"rendered":"<p>Premijer Ma\u0111arske Viktor Orban predao je liderima EU plan za rje\u0161avanje sukoba u Ukrajini, izjavio je politi\u010dki direktor kabineta ma\u0111arskog premijera Bala\u0161 Orban.<\/p>\n<p>On je za list &#8220;Ma\u0111ar nemzet&#8221; rekao da plan sadr\u017ei &#8220;realne ciljeve i rokove&#8221;, prenosi Srna.<\/p>\n<p>&#8220;Zapravo, govorimo o Orbanovom planu, koji je sada pred svim premijerima EU. Realisti\u010dna procjena situacije, realni ciljevi i rokovi su ono na \u010demu je zasnovan na\u0161 pristup&#8221;, naveo je Orban.<\/p>\n","protected":false},"excerpt":{"rendered":"<p>Premijer Ma\u0111arske Viktor Orban predao je liderima EU plan za rje\u0161avanje sukoba u Ukrajini, izjavio je politi\u010dki direktor kabineta ma\u0111arskog premijera Bala\u0161 Orban.<\/p>\n","protected":false},"author":1,"featured_media":351233,"comment_status":"open","ping_status":"closed","sticky":false,"template":"","format":"standard","meta":{"_seopress_robots_primary_cat":"none","_seopress_titles_title":"","_seopress_titles_desc":"","_seopress_robots_index":"","_et_pb_use_builder":"","_et_pb_old_content":"","_et_gb_content_width":"","inline_featured_image":false,"footnotes":""},"categories":[14],"tags":[],"class_list":["post-407271","post","type-post","status-publish","format-standard","has-post-thumbnail","hentry","category-vijesti"],"_links":{"self":[{"href":"https:\/\/www.pcnen.com\/portal\/wp-json\/wp\/v2\/posts\/407271","targetHints":{"allow":["GET"]}}],"collection":[{"href":"https:\/\/www.pcnen.com\/portal\/wp-json\/wp\/v2\/posts"}],"about":[{"href":"https:\/\/www.pcnen.com\/portal\/wp-json\/wp\/v2\/types\/post"}],"author":[{"embeddable":true,"href":"https:\/\/www.pcnen.com\/portal\/wp-json\/wp\/v2\/users\/1"}],"replies":[{"embeddable":true,"href":"https:\/\/www.pcnen.com\/portal\/wp-json\/wp\/v2\/comments?post=407271"}],"version-history":[{"count":1,"href":"https:\/\/www.pcnen.com\/portal\/wp-json\/wp\/v2\/posts\/407271\/revisions"}],"predecessor-version":[{"id":407274,"href":"https:\/\/www.pcnen.com\/portal\/wp-json\/wp\/v2\/posts\/407271\/revisions\/407274"}],"wp:featuredmedia":[{"embeddable":true,"href":"https:\/\/www.pcnen.com\/portal\/wp-json\/wp\/v2\/media\/351233"}],"wp:attachment":[{"href":"https:\/\/www.pcnen.com\/portal\/wp-json\/wp\/v2\/media?parent=407271"}],"wp:term":[{"taxonomy":"category","embeddable":true,"href":"https:\/\/www.pcnen.com\/portal\/wp-json\/wp\/v2\/categories?post=407271"},{"taxonomy":"post_tag","embeddable":true,"href":"https:\/\/www.pcnen.com\/portal\/wp-json\/wp\/v2\/tags?post=407271"}],"curies":[{"name":"wp","href":"https:\/\/api.w.org\/{rel}","templated":true}]}}