{"id":407267,"date":"2024-07-15T10:52:53","date_gmt":"2024-07-15T08:52:53","guid":{"rendered":"https:\/\/www.pcnen.com\/portal\/?p=407267"},"modified":"2024-07-15T10:52:53","modified_gmt":"2024-07-15T08:52:53","slug":"bivsi-radnici-kosute-i-danas-blokiraju-saobracaj-2","status":"publish","type":"post","link":"https:\/\/www.pcnen.com\/portal\/2024\/07\/15\/bivsi-radnici-kosute-i-danas-blokiraju-saobracaj-2\/","title":{"rendered":"Biv\u0161i radnici \u2018Ko\u0161ute\u2019 i danas blokiraju saobra\u0107aj"},"content":{"rendered":"<p>Biv\u0161i radnici cetinjske \u201eKo\u0161ute\u201d danas nastavljaju sa protestima na Kru\u0161evom \u017edrijelu, gdje \u0107e blokirati putni pravac Cetinje \u2013 Podgorica od 11 do 12\u00a0 \u010dasova.<\/p>\n<p>Oni su se sredinom maja obratili ministarki rada i socijalnog staranja Naidi Ni\u0161i\u0107 sa zahtjevom da ih primi na sastanak.<\/p>\n<p>Kako su saop\u0161tili i dalje nema odgovora od nadle\u017enih, ali ne gube nadu i o\u010dekuju da \u0107e se resorno ministarstvo i Vlada ipak oglasiti i pozvati ih na dogovor o isplati devet zaostalih zarada i povezivanje radnog sta\u017ea za 81 radnika.<\/p>\n","protected":false},"excerpt":{"rendered":"<p>Biv\u0161i radnici cetinjske \u201eKo\u0161ute\u201d danas nastavljaju sa protestima na Kru\u0161evom \u017edrijelu, gdje \u0107e blokirati putni pravac Cetinje \u2013 Podgorica od 11 do 12\u00a0 \u010dasova.<\/p>\n","protected":false},"author":1,"featured_media":398519,"comment_status":"open","ping_status":"closed","sticky":false,"template":"","format":"standard","meta":{"_seopress_robots_primary_cat":"none","_seopress_titles_title":"","_seopress_titles_desc":"","_seopress_robots_index":"","_et_pb_use_builder":"","_et_pb_old_content":"","_et_gb_content_width":"","inline_featured_image":false,"footnotes":""},"categories":[14],"tags":[],"class_list":["post-407267","post","type-post","status-publish","format-standard","has-post-thumbnail","hentry","category-vijesti"],"_links":{"self":[{"href":"https:\/\/www.pcnen.com\/portal\/wp-json\/wp\/v2\/posts\/407267","targetHints":{"allow":["GET"]}}],"collection":[{"href":"https:\/\/www.pcnen.com\/portal\/wp-json\/wp\/v2\/posts"}],"about":[{"href":"https:\/\/www.pcnen.com\/portal\/wp-json\/wp\/v2\/types\/post"}],"author":[{"embeddable":true,"href":"https:\/\/www.pcnen.com\/portal\/wp-json\/wp\/v2\/users\/1"}],"replies":[{"embeddable":true,"href":"https:\/\/www.pcnen.com\/portal\/wp-json\/wp\/v2\/comments?post=407267"}],"version-history":[{"count":1,"href":"https:\/\/www.pcnen.com\/portal\/wp-json\/wp\/v2\/posts\/407267\/revisions"}],"predecessor-version":[{"id":407270,"href":"https:\/\/www.pcnen.com\/portal\/wp-json\/wp\/v2\/posts\/407267\/revisions\/407270"}],"wp:featuredmedia":[{"embeddable":true,"href":"https:\/\/www.pcnen.com\/portal\/wp-json\/wp\/v2\/media\/398519"}],"wp:attachment":[{"href":"https:\/\/www.pcnen.com\/portal\/wp-json\/wp\/v2\/media?parent=407267"}],"wp:term":[{"taxonomy":"category","embeddable":true,"href":"https:\/\/www.pcnen.com\/portal\/wp-json\/wp\/v2\/categories?post=407267"},{"taxonomy":"post_tag","embeddable":true,"href":"https:\/\/www.pcnen.com\/portal\/wp-json\/wp\/v2\/tags?post=407267"}],"curies":[{"name":"wp","href":"https:\/\/api.w.org\/{rel}","templated":true}]}}