{"id":407211,"date":"2024-07-14T13:30:48","date_gmt":"2024-07-14T11:30:48","guid":{"rendered":"https:\/\/www.pcnen.com\/portal\/?p=407211"},"modified":"2024-07-14T13:30:48","modified_gmt":"2024-07-14T11:30:48","slug":"mandic-otvoricemo-parlamentarni-dijalog-o-srpskom-jeziku","status":"publish","type":"post","link":"https:\/\/www.pcnen.com\/portal\/2024\/07\/14\/mandic-otvoricemo-parlamentarni-dijalog-o-srpskom-jeziku\/","title":{"rendered":"Mandi\u0107: Otvori\u0107emo parlamentarni dijalog o srpskom jeziku"},"content":{"rendered":"<p>Predsjednik Skup\u0161tine Crne Gore Andrija Mandi\u0107 izjavio je danas da se ne pla\u0161i rezultata popisa stanovni\u0161tva u Crnoj Gori, ve\u0107 da samo \u017eeli da vidi realno stanje u Crnoj Gori, kako bi, ukoliko srpski jezik bude ve\u0107inski, otvorili parlamentarni i dru\u0161tveni dijalog.<\/p>\n<p>\u201cUkoliko srpski jezik na popisu bude ve\u0107inski, otvori\u0107emo parlamentarni i dru\u0161tveni dijalog o konstatovanju ove realnosti i u najvi\u0161em pravnom aktu Crne Gore &#8211; njenom Ustavu\u201d, \u00a0rekao je Mandi\u0107 za Politiku.<\/p>\n<p>On vjeruje da ne postoji niko ko bi bio protiv toga, ukoliko to bude \u010dinjeni\u010dno stanje nakon svih temeljnih provjera i kontrola.<\/p>\n<p>\u201cRezultati popisa ne smiju biti dovedeni u pitanje i smatram da zbog toga vrijedi sa\u010dekati\u201d, rekao je Mandi\u0107 i dodao da \u0107e rezultati popisa biti objavljeni nakon \u0161to svi koraci budu ispunjeni, \u0161to o\u010dekuje da \u0107e biti uskoro.<\/p>\n","protected":false},"excerpt":{"rendered":"<p>Predsjednik Skup\u0161tine Crne Gore Andrija Mandi\u0107 izjavio je danas da se ne pla\u0161i rezultata popisa stanovni\u0161tva u Crnoj Gori, ve\u0107 da samo \u017eeli da vidi realno stanje u Crnoj Gori, kako bi, ukoliko srpski jezik bude ve\u0107inski, otvorili parlamentarni i dru\u0161tveni dijalog.<\/p>\n","protected":false},"author":1,"featured_media":401628,"comment_status":"open","ping_status":"closed","sticky":false,"template":"","format":"standard","meta":{"_seopress_robots_primary_cat":"none","_seopress_titles_title":"","_seopress_titles_desc":"","_seopress_robots_index":"","_et_pb_use_builder":"","_et_pb_old_content":"","_et_gb_content_width":"","inline_featured_image":false,"footnotes":""},"categories":[14],"tags":[],"class_list":["post-407211","post","type-post","status-publish","format-standard","has-post-thumbnail","hentry","category-vijesti"],"_links":{"self":[{"href":"https:\/\/www.pcnen.com\/portal\/wp-json\/wp\/v2\/posts\/407211","targetHints":{"allow":["GET"]}}],"collection":[{"href":"https:\/\/www.pcnen.com\/portal\/wp-json\/wp\/v2\/posts"}],"about":[{"href":"https:\/\/www.pcnen.com\/portal\/wp-json\/wp\/v2\/types\/post"}],"author":[{"embeddable":true,"href":"https:\/\/www.pcnen.com\/portal\/wp-json\/wp\/v2\/users\/1"}],"replies":[{"embeddable":true,"href":"https:\/\/www.pcnen.com\/portal\/wp-json\/wp\/v2\/comments?post=407211"}],"version-history":[{"count":1,"href":"https:\/\/www.pcnen.com\/portal\/wp-json\/wp\/v2\/posts\/407211\/revisions"}],"predecessor-version":[{"id":407214,"href":"https:\/\/www.pcnen.com\/portal\/wp-json\/wp\/v2\/posts\/407211\/revisions\/407214"}],"wp:featuredmedia":[{"embeddable":true,"href":"https:\/\/www.pcnen.com\/portal\/wp-json\/wp\/v2\/media\/401628"}],"wp:attachment":[{"href":"https:\/\/www.pcnen.com\/portal\/wp-json\/wp\/v2\/media?parent=407211"}],"wp:term":[{"taxonomy":"category","embeddable":true,"href":"https:\/\/www.pcnen.com\/portal\/wp-json\/wp\/v2\/categories?post=407211"},{"taxonomy":"post_tag","embeddable":true,"href":"https:\/\/www.pcnen.com\/portal\/wp-json\/wp\/v2\/tags?post=407211"}],"curies":[{"name":"wp","href":"https:\/\/api.w.org\/{rel}","templated":true}]}}