{"id":407150,"date":"2024-07-13T17:54:04","date_gmt":"2024-07-13T15:54:04","guid":{"rendered":"https:\/\/www.pcnen.com\/portal\/?p=407150"},"modified":"2024-07-13T17:54:04","modified_gmt":"2024-07-13T15:54:04","slug":"kremlj-evropski-glavni-gradovi-potencijalne-zrtve-ako-sad-rasporedi-rakete","status":"publish","type":"post","link":"https:\/\/www.pcnen.com\/portal\/2024\/07\/13\/kremlj-evropski-glavni-gradovi-potencijalne-zrtve-ako-sad-rasporedi-rakete\/","title":{"rendered":"Kremlj: Evropski glavni gradovi &#8216;potencijalne \u017ertve&#8217; ako SAD rasporedi rakete"},"content":{"rendered":"<p>Evropske zemlje bi dovele sebe u opasnost, ako bi prihvatile postavljanje dalekometnih ameri\u010dkih raketa, izjavio je Dmitri Peskov, portparol Kremlja, u videu objavljenom danas.<\/p>\n<p>Kada ga je novinar ruske dr\u017eavne TV, Pavel Zarubin, pitao o mogu\u0107nosti postavljanja ameri\u010dkih nadzvu\u010dnih raketa u Evropi, Peskov je rekao: &#8220;Mi imamo dovoljno potencijala za odvra\u0107anje ovih projektila. Ali glavni gradovi ovih [(evropskih) dr\u017eava su potencijalne \u017ertve.&#8221;<\/p>\n<p>Peskov je podsjetio da su tokom Hladnog rata, ameri\u010dke rakete bazirane u Evropi bile uperene ka Rusiji, dok su ruske rakete zauzvrat bile uperene ka Evropi, \u010dime su evropske dr\u017eave bile najve\u0107a \u017ertva bilo kakvog potencijalnog sukoba.<\/p>\n<p>&#8220;Evropa se sada raspada po \u0161avovima. Ovo nije najbolje vrijeme za Evropu. Dakle, na ovaj ili onaj na\u010din, istorija \u0107e da se ponovi&#8221;, kazao je Peskov, prenosi RSE.<\/p>\n<p>Bijela ku\u0107a je najavila da \u0107e SAD od 2026. u Njema\u010dkoj rasporediti oru\u017eje koje \u0107e omogu\u0107iti udare na ve\u0107oj udaljenosti nego ameri\u010dki sistemi do sada postavljeni u Evropi.<\/p>\n<p>Njema\u010dki kancelar Olaf \u0160olc (Scholz) u \u010detvrtak je branio tu odluku, dok u Njema\u010dkoj rastu strahovanja od nove trke u naoru\u017eanju poslije te\u0161kog iskustva u doba Hladnog rata.<\/p>\n<p>&#8220;To spada u odvra\u0107anje i garantuje mir, to je va\u017ena i potrebna odluka, donesena u dobrom trenutku&#8221;, rekao je \u0160olc na marginama samita NATO-a u Va\u0161ingtonu.<\/p>\n<p>Kremlj je ranije ocijenio da to predstavlja korak ka Hladnom ratu i direktnom u\u010de\u0161\u0107u u ratu u Ukrajini.<\/p>\n","protected":false},"excerpt":{"rendered":"<p>Evropske zemlje bi dovele sebe u opasnost, ako bi prihvatile postavljanje dalekometnih ameri\u010dkih raketa, izjavio je Dmitri Peskov, portparol Kremlja, u videu objavljenom danas.<\/p>\n","protected":false},"author":1,"featured_media":342811,"comment_status":"open","ping_status":"closed","sticky":false,"template":"","format":"standard","meta":{"_seopress_robots_primary_cat":"none","_seopress_titles_title":"","_seopress_titles_desc":"","_seopress_robots_index":"","_et_pb_use_builder":"","_et_pb_old_content":"","_et_gb_content_width":"","inline_featured_image":false,"footnotes":""},"categories":[14],"tags":[],"class_list":["post-407150","post","type-post","status-publish","format-standard","has-post-thumbnail","hentry","category-vijesti"],"_links":{"self":[{"href":"https:\/\/www.pcnen.com\/portal\/wp-json\/wp\/v2\/posts\/407150","targetHints":{"allow":["GET"]}}],"collection":[{"href":"https:\/\/www.pcnen.com\/portal\/wp-json\/wp\/v2\/posts"}],"about":[{"href":"https:\/\/www.pcnen.com\/portal\/wp-json\/wp\/v2\/types\/post"}],"author":[{"embeddable":true,"href":"https:\/\/www.pcnen.com\/portal\/wp-json\/wp\/v2\/users\/1"}],"replies":[{"embeddable":true,"href":"https:\/\/www.pcnen.com\/portal\/wp-json\/wp\/v2\/comments?post=407150"}],"version-history":[{"count":1,"href":"https:\/\/www.pcnen.com\/portal\/wp-json\/wp\/v2\/posts\/407150\/revisions"}],"predecessor-version":[{"id":407153,"href":"https:\/\/www.pcnen.com\/portal\/wp-json\/wp\/v2\/posts\/407150\/revisions\/407153"}],"wp:featuredmedia":[{"embeddable":true,"href":"https:\/\/www.pcnen.com\/portal\/wp-json\/wp\/v2\/media\/342811"}],"wp:attachment":[{"href":"https:\/\/www.pcnen.com\/portal\/wp-json\/wp\/v2\/media?parent=407150"}],"wp:term":[{"taxonomy":"category","embeddable":true,"href":"https:\/\/www.pcnen.com\/portal\/wp-json\/wp\/v2\/categories?post=407150"},{"taxonomy":"post_tag","embeddable":true,"href":"https:\/\/www.pcnen.com\/portal\/wp-json\/wp\/v2\/tags?post=407150"}],"curies":[{"name":"wp","href":"https:\/\/api.w.org\/{rel}","templated":true}]}}