{"id":407146,"date":"2024-07-13T17:46:27","date_gmt":"2024-07-13T15:46:27","guid":{"rendered":"https:\/\/www.pcnen.com\/portal\/?p=407146"},"modified":"2024-07-13T17:46:27","modified_gmt":"2024-07-13T15:46:27","slug":"vucic-naoruzavamo-se-sta-da-cekamo-da-nas-neko-zgazi","status":"publish","type":"post","link":"https:\/\/www.pcnen.com\/portal\/2024\/07\/13\/vucic-naoruzavamo-se-sta-da-cekamo-da-nas-neko-zgazi\/","title":{"rendered":"Vu\u010di\u0107: Naoru\u017eavamo se, \u0161ta da \u010dekamo da nas neko zgazi"},"content":{"rendered":"<p>Predsjednik Srbije Aleksandar Vu\u010di\u0107 izjavio je danas da je Srbija &#8220;proprcionalno svojoj veli\u010dni ne mala sila u proizvodnji municije, a \u0161to se oru\u017eja ti\u010de proizvodimo neke slo\u017eene sisteme koji nijesu bezna\u010dajni, ali smo jo\u0161 daleko od onog \u0161to bih \u017eelio da vidim&#8221;.<\/p>\n<p>&#8220;Mi se naoru\u017eavamo, svi se naoru\u017eavaju. \u0160ta da mi \u010dekamo &#8211; da nas neko zgazi, pa \u0107e sjutra izmisliti neki razlog. Pro\u0161li put su izmislili humanitarnu katastrofu, sljede\u0107i put \u0107e da ka\u017eu &#8211; zato \u0161to imate vi\u0161e mu\u0161karaca crne kose nego plave, svejedno koji \u0107e razlog da izmisle. Kad si ja\u010di izmisli\u0161 razlog koji god ho\u0107e\u0161&#8221;, rekao je Vu\u010di\u0107, u Kairu, tokom posjete Egiptu, prenosi Beta.<\/p>\n<p>On je naveo da je namjerno pravio ovakvu &#8220;parodiju jer su razlozi koje su navodili za agresiju na Srbiju bili ni\u0161ta vi\u0161e nego parodija ali i tragedija za nas kao manje i slabije&#8221;.<\/p>\n<p>Prema njegovim rije\u010dima, svi u svijetu se naoru\u017eavaju, napominju\u0107i da oru\u017eje i municija &#8220;idu kao alva&#8221; na svjetskom tr\u017ei\u0161tu jer se ni\u0161ta tako puno ne tra\u017ei.<\/p>\n<p>&#8220;\u0160ta god da proizvedete istog sekunda (se proda) samo stavite \u0161tambilj i ode. \u0160ta god da proizvede bilo ko ode istog sekunda, ne mo\u017ee toliko da se proizvede (koliko se tra\u017ei)&#8221;, rekao je Vu\u010di\u0107.<\/p>\n","protected":false},"excerpt":{"rendered":"<p>\u00a0Predsjednik Srbije Aleksandar Vu\u010di\u0107 izjavio je danas da je Srbija &#8220;proprcionalno svojoj veli\u010dni ne mala sila u proizvodnji municije, a \u0161to se oru\u017eja ti\u010de proizvodimo neke slo\u017eene sisteme koji nijesu bezna\u010dajni, ali smo jo\u0161 daleko od onog \u0161to bih \u017eelio da vidim&#8221;.<\/p>\n","protected":false},"author":1,"featured_media":351137,"comment_status":"open","ping_status":"closed","sticky":false,"template":"","format":"standard","meta":{"_seopress_robots_primary_cat":"none","_seopress_titles_title":"","_seopress_titles_desc":"","_seopress_robots_index":"","_et_pb_use_builder":"","_et_pb_old_content":"","_et_gb_content_width":"","inline_featured_image":false,"footnotes":""},"categories":[14],"tags":[],"class_list":["post-407146","post","type-post","status-publish","format-standard","has-post-thumbnail","hentry","category-vijesti"],"_links":{"self":[{"href":"https:\/\/www.pcnen.com\/portal\/wp-json\/wp\/v2\/posts\/407146","targetHints":{"allow":["GET"]}}],"collection":[{"href":"https:\/\/www.pcnen.com\/portal\/wp-json\/wp\/v2\/posts"}],"about":[{"href":"https:\/\/www.pcnen.com\/portal\/wp-json\/wp\/v2\/types\/post"}],"author":[{"embeddable":true,"href":"https:\/\/www.pcnen.com\/portal\/wp-json\/wp\/v2\/users\/1"}],"replies":[{"embeddable":true,"href":"https:\/\/www.pcnen.com\/portal\/wp-json\/wp\/v2\/comments?post=407146"}],"version-history":[{"count":1,"href":"https:\/\/www.pcnen.com\/portal\/wp-json\/wp\/v2\/posts\/407146\/revisions"}],"predecessor-version":[{"id":407149,"href":"https:\/\/www.pcnen.com\/portal\/wp-json\/wp\/v2\/posts\/407146\/revisions\/407149"}],"wp:featuredmedia":[{"embeddable":true,"href":"https:\/\/www.pcnen.com\/portal\/wp-json\/wp\/v2\/media\/351137"}],"wp:attachment":[{"href":"https:\/\/www.pcnen.com\/portal\/wp-json\/wp\/v2\/media?parent=407146"}],"wp:term":[{"taxonomy":"category","embeddable":true,"href":"https:\/\/www.pcnen.com\/portal\/wp-json\/wp\/v2\/categories?post=407146"},{"taxonomy":"post_tag","embeddable":true,"href":"https:\/\/www.pcnen.com\/portal\/wp-json\/wp\/v2\/tags?post=407146"}],"curies":[{"name":"wp","href":"https:\/\/api.w.org\/{rel}","templated":true}]}}