{"id":407142,"date":"2024-07-13T16:26:20","date_gmt":"2024-07-13T14:26:20","guid":{"rendered":"https:\/\/www.pcnen.com\/portal\/?p=407142"},"modified":"2024-07-13T16:35:50","modified_gmt":"2024-07-13T14:35:50","slug":"up-djukanovic-nas-nije-obavijestio-o-atentatu","status":"publish","type":"post","link":"https:\/\/www.pcnen.com\/portal\/2024\/07\/13\/up-djukanovic-nas-nije-obavijestio-o-atentatu\/","title":{"rendered":"UP: \u0110ukanovi\u0107 nas nije obavijestio o atentatu"},"content":{"rendered":"<p>Biv\u0161i predsjednik Crne Gore Milo \u0110ukanovi\u0107 nije upoznao Upravu policije da organizovana kriminalna grupa iz jedne susjedne zemlje navodno planira da izvr\u0161i atentat, saop\u0161tila je UP.<\/p>\n<p>Uprava policije reagovala je na dana\u0161nju informaciju koju su objavile Vijesti da je, navodno, \u0110ukanovi\u0107 obavije\u0161ten da se na njega sprema atentat\u201c.<\/p>\n<p>&#8220;Uprava policije nije upoznata sa informacijom koja je objavljenja na portalu Vijesti, a koju je potvrdio kabinet biv\u0161eg predsjednika Crne Gore. Nagla\u0161avamo da biv\u0161i predsjednik Crne Gore Milo \u0110ukanovi\u0107, kao ni \u201eodre\u0111eni me\u0111unarodni zvani\u010dnici iz obavje\u0161tajne zajednice\u201c nisu upoznali Upravu policije Crne Gore \u201eda organizovana kriminalna grupa iz jedne susjedne zemlje navodno planira da izvr\u0161i atentat, u sprezi sa bezbjednosnim slu\u017ebama jedne druge susjedne zemlje&#8221;, pi\u0161e u reagovanju UP.<\/p>\n<p>Istakli su i da je\u00a0Uprava policije ta\u010dno i blagovremeno odgovorila na upit ND Vijesti.<\/p>\n<blockquote class=\"wp-embedded-content\" data-secret=\"Od5gi7lR1S\"><p><a href=\"https:\/\/www.pcnen.com\/portal\/2024\/07\/13\/djukanovic-obavijesten-da-se-na-njega-sprema-atentat\/\">\u0110ukanovi\u0107 obavije\u0161ten da se na njega sprema atentat<\/a><\/p><\/blockquote>\n<p><iframe loading=\"lazy\" class=\"wp-embedded-content\" sandbox=\"allow-scripts\" security=\"restricted\" style=\"position: absolute; clip: rect(1px, 1px, 1px, 1px);\" title=\"&#8220;\u0110ukanovi\u0107 obavije\u0161ten da se na njega sprema atentat&#8221; &#8212; PCNEN\" src=\"https:\/\/www.pcnen.com\/portal\/2024\/07\/13\/djukanovic-obavijesten-da-se-na-njega-sprema-atentat\/embed\/#?secret=SSmeftivgw#?secret=Od5gi7lR1S\" data-secret=\"Od5gi7lR1S\" width=\"600\" height=\"338\" frameborder=\"0\" marginwidth=\"0\" marginheight=\"0\" scrolling=\"no\"><\/iframe><\/p>\n","protected":false},"excerpt":{"rendered":"<p>\u00a0Biv\u0161i predsjednik Crne Gore Milo \u0110ukanovi\u0107 nije upoznao Upravu policije da organizovana kriminalna grupa iz jedne susjedne zemlje navodno planira da izvr\u0161i atentat, saop\u0161tila je UP.\u00a0<\/p>\n","protected":false},"author":1,"featured_media":0,"comment_status":"open","ping_status":"closed","sticky":false,"template":"","format":"standard","meta":{"_seopress_robots_primary_cat":"none","_seopress_titles_title":"","_seopress_titles_desc":"","_seopress_robots_index":"","_et_pb_use_builder":"","_et_pb_old_content":"","_et_gb_content_width":"","inline_featured_image":false,"footnotes":""},"categories":[14],"tags":[],"class_list":["post-407142","post","type-post","status-publish","format-standard","hentry","category-vijesti"],"_links":{"self":[{"href":"https:\/\/www.pcnen.com\/portal\/wp-json\/wp\/v2\/posts\/407142","targetHints":{"allow":["GET"]}}],"collection":[{"href":"https:\/\/www.pcnen.com\/portal\/wp-json\/wp\/v2\/posts"}],"about":[{"href":"https:\/\/www.pcnen.com\/portal\/wp-json\/wp\/v2\/types\/post"}],"author":[{"embeddable":true,"href":"https:\/\/www.pcnen.com\/portal\/wp-json\/wp\/v2\/users\/1"}],"replies":[{"embeddable":true,"href":"https:\/\/www.pcnen.com\/portal\/wp-json\/wp\/v2\/comments?post=407142"}],"version-history":[{"count":1,"href":"https:\/\/www.pcnen.com\/portal\/wp-json\/wp\/v2\/posts\/407142\/revisions"}],"predecessor-version":[{"id":407145,"href":"https:\/\/www.pcnen.com\/portal\/wp-json\/wp\/v2\/posts\/407142\/revisions\/407145"}],"wp:attachment":[{"href":"https:\/\/www.pcnen.com\/portal\/wp-json\/wp\/v2\/media?parent=407142"}],"wp:term":[{"taxonomy":"category","embeddable":true,"href":"https:\/\/www.pcnen.com\/portal\/wp-json\/wp\/v2\/categories?post=407142"},{"taxonomy":"post_tag","embeddable":true,"href":"https:\/\/www.pcnen.com\/portal\/wp-json\/wp\/v2\/tags?post=407142"}],"curies":[{"name":"wp","href":"https:\/\/api.w.org\/{rel}","templated":true}]}}