{"id":407138,"date":"2024-07-13T16:18:12","date_gmt":"2024-07-13T14:18:12","guid":{"rendered":"https:\/\/www.pcnen.com\/portal\/?p=407138"},"modified":"2024-07-13T16:18:12","modified_gmt":"2024-07-13T14:18:12","slug":"djukanovic-obavijesten-da-se-na-njega-sprema-atentat","status":"publish","type":"post","link":"https:\/\/www.pcnen.com\/portal\/2024\/07\/13\/djukanovic-obavijesten-da-se-na-njega-sprema-atentat\/","title":{"rendered":"\u0110ukanovi\u0107 obavije\u0161ten da se na njega sprema atentat"},"content":{"rendered":"<p>Biv\u0161i predsjednik Crne Gore, Milo \u0110ukanovi\u0107, obavijestio je crnogorske nadle\u017ene organe da je dobio informaciju da se na njega priprema atentat, s<a href=\"https:\/\/www.vijesti.me\/vijesti\/crna-hronika\/715716\/djukanovic-obavijesten-da-se-na-njega-sprema-atentat\">aop\u0161teno je Vijestima, iz njegove kancelarije.<\/a><\/p>\n<p>Iz Uprave policije kasno sino\u0107 Vijestima su kazali da ne raspola\u017eu podacima koji bi ukazivali na planirane aktivnosti koje bi bile usmjerene na ugro\u017eavanje bezbjednosti biv\u0161eg predsjednika Mila \u0110ukanovi\u0107a.<\/p>\n<p>Iz Agencije za nacionalnu bezbjednost nijesu odgovorili na pitanja Vijesti o tome.<\/p>\n<p>&#8220;Raniji predsjednik je dobio navedenu informaciju od odre\u0111enih me\u0111unarodnih zvani\u010dnika iz obavje\u0161tajne zajednice i sa tom informacijom upoznao je dr\u017eavne organe&#8221;, odgovoreno je iz \u0110ukanovi\u0107eve kancelarije na pitanje da li je ga je bilo ko iz bezbjednosnog sektora obavijestio da mu je ugro\u017eena bezbjednost, odnosno, da se na njega priprema atentat.<\/p>\n<p>Nije odgovoreno ko je i kada \u0110ukanovi\u0107u prenio tu informaciju.<\/p>\n<p>Izvor blizak \u0110ukanovi\u0107u rekao je da ga je visoki strani vojni zvani\u010dnik sa Kosova obavijestio da organizovana kriminalna grupa iz jedne susjedne zemlje navodno planira da izvr\u0161i atentat, u sprezi sa bezbjednosnim slu\u017ebama jedne druge susjedne zemlje.<\/p>\n<p>&#8220;Shodno \u010dlanu 18 Zakona o predsjedniku Crne Gore po prestanku funkcije Predsjednik ima pravo na stalno li\u010dno obezbje\u0111enje u skladu sa bezbjednosnom procjenom koju utvr\u0111uje nadle\u017eni organ, u skladu sa zakonom. U skladu sa pozitivnim propisima Agencija za nacionalnu bezbjednost je nadle\u017ena za sa\u010dinjavanje izvje\u0161taja o bezbjednosnoj procjeni o ugro\u017eenosti&#8221;, saop\u0161teno je iz Uprave policije.<\/p>\n<p>Odgovaraju\u0107i na pitanje da li je \u0110ukanovi\u0107u poja\u010dano obezbje\u0111enje, iz njegove kancelarije su saop\u0161tili da je smanjeno.<\/p>\n<p>&#8220;Promjene u obezbjedjenju u tom periodu su se dogodile utoliko \u0161to je ukinuto obezbjedjenje na mjestu stanovanja biv\u0161eg Predsjednika u dnevnoj smjeni&#8221;.<\/p>\n<p>Istakli su i da crnogorske slu\u017ebe bezbjednosti nijesu pozivale na razgovor \u0110ukanovi\u0107a, niti koordinatora njegovog obezbje\u0111enja, kako bi im ukazali na potencijalnu opasnost.<\/p>\n<p>&#8220;Nije bilo nikakve inicijative za razgovor od strane predstavnika slu\u017ebi bezbjednosti&#8221;, saop\u0161teno je &#8220;Vijestima&#8221; iz \u0110ukanovi\u0107eve kancelarije.<\/p>\n","protected":false},"excerpt":{"rendered":"<p>Biv\u0161i predsjednik Crne Gore, Milo \u0110ukanovi\u0107, obavijestio je crnogorske nadle\u017ene organe da je dobio informaciju da se na njega priprema atentat, saop\u0161teno je Vijestima, iz njegove kancelarije.<\/p>\n","protected":false},"author":1,"featured_media":277008,"comment_status":"open","ping_status":"closed","sticky":false,"template":"","format":"standard","meta":{"_seopress_robots_primary_cat":"none","_seopress_titles_title":"","_seopress_titles_desc":"","_seopress_robots_index":"","_et_pb_use_builder":"","_et_pb_old_content":"","_et_gb_content_width":"","inline_featured_image":false,"footnotes":""},"categories":[14],"tags":[],"class_list":["post-407138","post","type-post","status-publish","format-standard","has-post-thumbnail","hentry","category-vijesti"],"_links":{"self":[{"href":"https:\/\/www.pcnen.com\/portal\/wp-json\/wp\/v2\/posts\/407138","targetHints":{"allow":["GET"]}}],"collection":[{"href":"https:\/\/www.pcnen.com\/portal\/wp-json\/wp\/v2\/posts"}],"about":[{"href":"https:\/\/www.pcnen.com\/portal\/wp-json\/wp\/v2\/types\/post"}],"author":[{"embeddable":true,"href":"https:\/\/www.pcnen.com\/portal\/wp-json\/wp\/v2\/users\/1"}],"replies":[{"embeddable":true,"href":"https:\/\/www.pcnen.com\/portal\/wp-json\/wp\/v2\/comments?post=407138"}],"version-history":[{"count":1,"href":"https:\/\/www.pcnen.com\/portal\/wp-json\/wp\/v2\/posts\/407138\/revisions"}],"predecessor-version":[{"id":407141,"href":"https:\/\/www.pcnen.com\/portal\/wp-json\/wp\/v2\/posts\/407138\/revisions\/407141"}],"wp:featuredmedia":[{"embeddable":true,"href":"https:\/\/www.pcnen.com\/portal\/wp-json\/wp\/v2\/media\/277008"}],"wp:attachment":[{"href":"https:\/\/www.pcnen.com\/portal\/wp-json\/wp\/v2\/media?parent=407138"}],"wp:term":[{"taxonomy":"category","embeddable":true,"href":"https:\/\/www.pcnen.com\/portal\/wp-json\/wp\/v2\/categories?post=407138"},{"taxonomy":"post_tag","embeddable":true,"href":"https:\/\/www.pcnen.com\/portal\/wp-json\/wp\/v2\/tags?post=407138"}],"curies":[{"name":"wp","href":"https:\/\/api.w.org\/{rel}","templated":true}]}}