{"id":407127,"date":"2024-07-13T12:24:56","date_gmt":"2024-07-13T10:24:56","guid":{"rendered":"https:\/\/www.pcnen.com\/portal\/?p=407127"},"modified":"2024-07-13T12:25:16","modified_gmt":"2024-07-13T10:25:16","slug":"majke-srebrenice-poslale-pismo-brnabic-i-vucicu","status":"publish","type":"post","link":"https:\/\/www.pcnen.com\/portal\/2024\/07\/13\/majke-srebrenice-poslale-pismo-brnabic-i-vucicu\/","title":{"rendered":"Majke Srebrenice poslale pismo Brnabi\u0107 i Vu\u010di\u0107u"},"content":{"rendered":"<p>Predsjednica Udru\u017eenja Pokret &#8220;Majke enklave Srebrenica i \u017depa&#8221; Munira Suba\u0161i\u0107 poslala je otvoreno pismo predsjedniku Srbije Aleksandru Vu\u010di\u0107u i predsjednici Skup\u0161tine Srbije Ani Brnabi\u0107, kao reakciju na njihove izjave.<\/p>\n<p>U pismu, izme\u0111u ostalog, Suba\u0161i\u0107 otvoreno govori da je s njenim rije\u010dima izmanipulisano.<\/p>\n<p>&#8220;Takve konstrukcije i takvo monstruozno manipulisanje sa izjavama predsjednice udru\u017eenja pokreta majki enklava Srebrenica i \u017depa, nije ni\u0161ta drugo do nastavak genocidne politike iz devedesetih. Jednu plemenitu izjavu majke pretvoriti u prijetnju je novi izum Aleksandra Vu\u010di\u0107a i na njoj bi mu i Gebels pozavidio. Naravno da je ta izjava netom po zavr\u0161enoj konferenciji Vu\u010di\u0107a fakturisana Ani Brnabi\u0107, predsjednici Skup\u0161tine Srbije, kako bi izjava dobila na snazi&#8221;, napisala je Suba\u0161i\u0107, prenosi klix.ba.<\/p>\n<p>&#8220;Munira Suba\u0161i\u0107 nikada nije po\u017eeljela smrt ni sinu Mislava Gali\u0107a koji je odveo njenog sina u smrt, a kamoli da je po\u017eeljela smrt djeci ili unucima Aleksandra Vu\u010di\u0107a. Poruka Munira Suba\u0161i\u0107 Aleksandru Vu\u010di\u0107u i Ani Brnabi\u0107: \u017eiva i zdrava tvoja djeca bila i dao dragi Allah da do\u010dekaju i svoju djecu, da je sre\u0107e da i Ana ima svoju i da mo\u017ee osjetiti \u0161ta je istinska maj\u010dina ljubav&#8221;, stoji u pismu.<\/p>\n<p>Brnabi\u0107 i Vu\u010di\u0107 su izmanipulisali rije\u010dima Munire Suba\u0161i\u0107, pretvaraju\u0107i njene poruke u &#8220;otvorene prijetnje porodici i djeci&#8221; predsjednika Srbije.<\/p>\n<p>Iz svoje objave na X-u (nekada\u0161nji Twitter) Brnabi\u0107 je svjesno izbacila dio govora Suba\u0161i\u0107 kako ne bi dala potpuni kontekst izgovorenim rije\u010dima.<\/p>\n<p>Ovu sramotnu objavu su osudili mnogi, a Majke Srebrenice su vlastima u Srbiji poru\u010dile da &#8220;spuste glavu i srame se.&#8221;<\/p>\n","protected":false},"excerpt":{"rendered":"<p>Predsjednica Udru\u017eenja Pokret &#8220;Majke enklave Srebrenica i \u017depa&#8221; Munira Suba\u0161i\u0107 poslala je otvoreno pismo predsjedniku Srbije Aleksandru Vu\u010di\u0107u i predsjednici Skup\u0161tine Srbije Ani Brnabi\u0107, kao reakciju na njihove izjave.<\/p>\n","protected":false},"author":1,"featured_media":110860,"comment_status":"open","ping_status":"closed","sticky":false,"template":"","format":"standard","meta":{"_seopress_robots_primary_cat":"none","_seopress_titles_title":"","_seopress_titles_desc":"","_seopress_robots_index":"","_et_pb_use_builder":"","_et_pb_old_content":"","_et_gb_content_width":"","inline_featured_image":false,"footnotes":""},"categories":[14],"tags":[],"class_list":["post-407127","post","type-post","status-publish","format-standard","has-post-thumbnail","hentry","category-vijesti"],"_links":{"self":[{"href":"https:\/\/www.pcnen.com\/portal\/wp-json\/wp\/v2\/posts\/407127","targetHints":{"allow":["GET"]}}],"collection":[{"href":"https:\/\/www.pcnen.com\/portal\/wp-json\/wp\/v2\/posts"}],"about":[{"href":"https:\/\/www.pcnen.com\/portal\/wp-json\/wp\/v2\/types\/post"}],"author":[{"embeddable":true,"href":"https:\/\/www.pcnen.com\/portal\/wp-json\/wp\/v2\/users\/1"}],"replies":[{"embeddable":true,"href":"https:\/\/www.pcnen.com\/portal\/wp-json\/wp\/v2\/comments?post=407127"}],"version-history":[{"count":2,"href":"https:\/\/www.pcnen.com\/portal\/wp-json\/wp\/v2\/posts\/407127\/revisions"}],"predecessor-version":[{"id":407131,"href":"https:\/\/www.pcnen.com\/portal\/wp-json\/wp\/v2\/posts\/407127\/revisions\/407131"}],"wp:featuredmedia":[{"embeddable":true,"href":"https:\/\/www.pcnen.com\/portal\/wp-json\/wp\/v2\/media\/110860"}],"wp:attachment":[{"href":"https:\/\/www.pcnen.com\/portal\/wp-json\/wp\/v2\/media?parent=407127"}],"wp:term":[{"taxonomy":"category","embeddable":true,"href":"https:\/\/www.pcnen.com\/portal\/wp-json\/wp\/v2\/categories?post=407127"},{"taxonomy":"post_tag","embeddable":true,"href":"https:\/\/www.pcnen.com\/portal\/wp-json\/wp\/v2\/tags?post=407127"}],"curies":[{"name":"wp","href":"https:\/\/api.w.org\/{rel}","templated":true}]}}