{"id":407103,"date":"2024-07-12T22:07:26","date_gmt":"2024-07-12T20:07:26","guid":{"rendered":"https:\/\/www.pcnen.com\/portal\/?p=407103"},"modified":"2024-07-12T22:07:26","modified_gmt":"2024-07-12T20:07:26","slug":"opozicioni-poslanici-traze-da-milovic-prisustvuje-premijerskom-satu","status":"publish","type":"post","link":"https:\/\/www.pcnen.com\/portal\/2024\/07\/12\/opozicioni-poslanici-traze-da-milovic-prisustvuje-premijerskom-satu\/","title":{"rendered":"Opozicioni poslanici tra\u017ee da Milovi\u0107 prisustvuje premijerskom satu"},"content":{"rendered":"<p>Poslanici iz opozicionih redova predali su danas zahtjev predsjedniku Skup\u0161tine da Andrej Milovi\u0107 odgovara na pitanja o vladavini prava na Premijerskom satu.<\/p>\n<p>Potpisnici zahtjeva su Andrija Nikoli\u0107 (DPS), Amer Smailovi\u0107 (BS), Milo\u0161 Konatar (URA), Boris Mugo\u0161a (SD), Adrijan Vuksanovi\u0107 (HGI) i nezavisna poslanica Jevrosima Pejovi\u0107.<\/p>\n<p>Oni su danas predali predsjedniku Skup\u0161tine Andriji Mandi\u0107u zahtjev da se na Premijerskom satu i poslani\u010dkim pitanjima zakazanom za 19. jul, za odgovaranje na poslani\u010dka pitanja odredi ministar pravde Andrej Milovi\u0107, na temu \u201cVladavina prava u Crnoj Gori\u201d.<\/p>\n<p>&nbsp;<\/p>\n<blockquote class=\"wp-embedded-content\" data-secret=\"JgVia5tgjj\"><p><a href=\"https:\/\/www.pcnen.com\/portal\/2024\/06\/15\/mugosa-postoji-javni-interes-da-se-milovic-u-skupstini-obrati-poslanicima\/\">Mugo\u0161a: Postoji javni interes da se Milovi\u0107 u Skup\u0161tini obrati poslanicima<\/a><\/p><\/blockquote>\n<p><iframe loading=\"lazy\" class=\"wp-embedded-content\" sandbox=\"allow-scripts\" security=\"restricted\" style=\"position: absolute; clip: rect(1px, 1px, 1px, 1px);\" title=\"&#8220;Mugo\u0161a: Postoji javni interes da se Milovi\u0107 u Skup\u0161tini obrati poslanicima&#8221; &#8212; PCNEN\" src=\"https:\/\/www.pcnen.com\/portal\/2024\/06\/15\/mugosa-postoji-javni-interes-da-se-milovic-u-skupstini-obrati-poslanicima\/embed\/#?secret=4sNHpEum2Y#?secret=JgVia5tgjj\" data-secret=\"JgVia5tgjj\" width=\"600\" height=\"338\" frameborder=\"0\" marginwidth=\"0\" marginheight=\"0\" scrolling=\"no\"><\/iframe><\/p>\n","protected":false},"excerpt":{"rendered":"<p>Poslanici iz opozicionih redova predali su danas zahtjev predsjedniku Skup\u0161tine da Andrej Milovi\u0107 odgovara na pitanja o vladavini prava na Premijerskom satu.<\/p>\n","protected":false},"author":1,"featured_media":370952,"comment_status":"open","ping_status":"closed","sticky":false,"template":"","format":"standard","meta":{"_seopress_robots_primary_cat":"none","_seopress_titles_title":"","_seopress_titles_desc":"","_seopress_robots_index":"","_et_pb_use_builder":"","_et_pb_old_content":"","_et_gb_content_width":"","inline_featured_image":false,"footnotes":""},"categories":[14],"tags":[],"class_list":["post-407103","post","type-post","status-publish","format-standard","has-post-thumbnail","hentry","category-vijesti"],"_links":{"self":[{"href":"https:\/\/www.pcnen.com\/portal\/wp-json\/wp\/v2\/posts\/407103","targetHints":{"allow":["GET"]}}],"collection":[{"href":"https:\/\/www.pcnen.com\/portal\/wp-json\/wp\/v2\/posts"}],"about":[{"href":"https:\/\/www.pcnen.com\/portal\/wp-json\/wp\/v2\/types\/post"}],"author":[{"embeddable":true,"href":"https:\/\/www.pcnen.com\/portal\/wp-json\/wp\/v2\/users\/1"}],"replies":[{"embeddable":true,"href":"https:\/\/www.pcnen.com\/portal\/wp-json\/wp\/v2\/comments?post=407103"}],"version-history":[{"count":1,"href":"https:\/\/www.pcnen.com\/portal\/wp-json\/wp\/v2\/posts\/407103\/revisions"}],"predecessor-version":[{"id":407106,"href":"https:\/\/www.pcnen.com\/portal\/wp-json\/wp\/v2\/posts\/407103\/revisions\/407106"}],"wp:featuredmedia":[{"embeddable":true,"href":"https:\/\/www.pcnen.com\/portal\/wp-json\/wp\/v2\/media\/370952"}],"wp:attachment":[{"href":"https:\/\/www.pcnen.com\/portal\/wp-json\/wp\/v2\/media?parent=407103"}],"wp:term":[{"taxonomy":"category","embeddable":true,"href":"https:\/\/www.pcnen.com\/portal\/wp-json\/wp\/v2\/categories?post=407103"},{"taxonomy":"post_tag","embeddable":true,"href":"https:\/\/www.pcnen.com\/portal\/wp-json\/wp\/v2\/tags?post=407103"}],"curies":[{"name":"wp","href":"https:\/\/api.w.org\/{rel}","templated":true}]}}