{"id":407094,"date":"2024-07-12T20:28:21","date_gmt":"2024-07-12T18:28:21","guid":{"rendered":"https:\/\/www.pcnen.com\/portal\/?p=407094"},"modified":"2024-07-12T20:28:42","modified_gmt":"2024-07-12T18:28:42","slug":"lazovicu-i-katnicu-produzen-pritvor","status":"publish","type":"post","link":"https:\/\/www.pcnen.com\/portal\/2024\/07\/12\/lazovicu-i-katnicu-produzen-pritvor\/","title":{"rendered":"Lazovi\u0107u i Katni\u0107u produ\u017een pritvor"},"content":{"rendered":"<p>Vije\u0107e Vrhovnog suda Crne Gore, odlu\u010duju\u0107i o predlogu Specijalnog dr\u017eavnog tu\u017eila\u0161tva Crne Gore Kti-S.br.9\/24 od 09. jula 2024. godine za produ\u017eenje pritvora protiv okrivljenih Z.L. i M.K. donijelo je Rje\u0161enje da se okrivljenima produ\u017ei pritvor za jo\u0161 tri mjeseca, odnosno do 14. oktobra 2024. godine<\/p>\n<p>Vije\u0107e Vrhovnog suda u sastavu sutkinje Vesne Vu\u010dkovi\u0107 kao predsjednice vije\u0107a i sutkinja Marijane Pavi\u0107evi\u0107 i Ane Vukovi\u0107 kao \u010dlanica vije\u0107a produ\u017eilo je pritvor okrivljenom Z.L. zbog osnovane sumnje da je izvr\u0161io krivi\u010dno djelo stvaranje kriminalne organizacije iz \u010dlana 401 a stav 1 u vezi stava 6 Krivi\u010dnog zakonika Crne Gore, a M.K. zbog osnovane sumnje da je izvr\u0161io krivi\u010dno djelo stvaranje kriminalne organizacije iz \u010dlana 401a stav 2 u vezi st. 1 i 6 Krivi\u010dnog zakonika Crne Gore, <a href=\"https:\/\/sudovi.me\/vrhs\/sadrzaj\/kND1\">pi\u0161e na sajru suda.<\/a><\/p>\n<p>Okrivljenima Z.L. i M.K. pritvor je odre\u0111en Rje\u0161enjem sudije za istragu Vi\u0161eg suda u Podgorici 16. aprila 2024. godine, a produ\u017een Rje\u0161enjem vije\u0107a tog suda 13. maja 2024. godine, tako da po Rje\u0161enju Vrhovnog suda Crne Gore pritvor mo\u017ee trajati do 14. oktobra 2024.godine.<\/p>\n<p><a href=\"https:\/\/www.pcnen.com\/portal\/?s=Katni%C4%87+Lazovi%C4%87\" target=\"_blank\" rel=\"noopener\">VEZANE VIJESTI<\/a><\/p>\n","protected":false},"excerpt":{"rendered":"<p>Vije\u0107e Vrhovnog suda Crne Gore, odlu\u010duju\u0107i o predlogu Specijalnog dr\u017eavnog tu\u017eila\u0161tva Crne Gore Kti-S.br.9\/24 od 09. jula 2024. godine za produ\u017eenje pritvora protiv okrivljenih Z.L. i M.K. donijelo je Rje\u0161enje da se okrivljenima produ\u017ei pritvor za jo\u0161 tri mjeseca, odnosno do 14. oktobra 2024. godine<\/p>\n","protected":false},"author":1,"featured_media":398997,"comment_status":"open","ping_status":"closed","sticky":false,"template":"","format":"standard","meta":{"_seopress_robots_primary_cat":"none","_seopress_titles_title":"","_seopress_titles_desc":"","_seopress_robots_index":"","_et_pb_use_builder":"","_et_pb_old_content":"","_et_gb_content_width":"","inline_featured_image":false,"footnotes":""},"categories":[14],"tags":[],"class_list":["post-407094","post","type-post","status-publish","format-standard","has-post-thumbnail","hentry","category-vijesti"],"_links":{"self":[{"href":"https:\/\/www.pcnen.com\/portal\/wp-json\/wp\/v2\/posts\/407094","targetHints":{"allow":["GET"]}}],"collection":[{"href":"https:\/\/www.pcnen.com\/portal\/wp-json\/wp\/v2\/posts"}],"about":[{"href":"https:\/\/www.pcnen.com\/portal\/wp-json\/wp\/v2\/types\/post"}],"author":[{"embeddable":true,"href":"https:\/\/www.pcnen.com\/portal\/wp-json\/wp\/v2\/users\/1"}],"replies":[{"embeddable":true,"href":"https:\/\/www.pcnen.com\/portal\/wp-json\/wp\/v2\/comments?post=407094"}],"version-history":[{"count":2,"href":"https:\/\/www.pcnen.com\/portal\/wp-json\/wp\/v2\/posts\/407094\/revisions"}],"predecessor-version":[{"id":407098,"href":"https:\/\/www.pcnen.com\/portal\/wp-json\/wp\/v2\/posts\/407094\/revisions\/407098"}],"wp:featuredmedia":[{"embeddable":true,"href":"https:\/\/www.pcnen.com\/portal\/wp-json\/wp\/v2\/media\/398997"}],"wp:attachment":[{"href":"https:\/\/www.pcnen.com\/portal\/wp-json\/wp\/v2\/media?parent=407094"}],"wp:term":[{"taxonomy":"category","embeddable":true,"href":"https:\/\/www.pcnen.com\/portal\/wp-json\/wp\/v2\/categories?post=407094"},{"taxonomy":"post_tag","embeddable":true,"href":"https:\/\/www.pcnen.com\/portal\/wp-json\/wp\/v2\/tags?post=407094"}],"curies":[{"name":"wp","href":"https:\/\/api.w.org\/{rel}","templated":true}]}}